{"id":10156,"date":"2026-09-02T14:49:14","date_gmt":"2026-09-02T14:49:14","guid":{"rendered":"https:\/\/vsig.hr\/web\/?p=10156"},"modified":"2026-09-02T14:49:14","modified_gmt":"2026-09-02T14:49:14","slug":"predstavnici-veleucilista-sudjelovali-na-radionici-o-pracenju-zaposljivosti","status":"publish","type":"post","link":"https:\/\/vsig.hr\/web\/predstavnici-veleucilista-sudjelovali-na-radionici-o-pracenju-zaposljivosti\/","title":{"rendered":"Predstavnici Veleu\u010dili\u0161ta sudjelovali na radionici o pra\u0107enju zapo\u0161ljivosti"},"content":{"rendered":"<p class=\"PDq2pG_selectionAnchorContainer\" data-start=\"81\" data-end=\"451\">Dekan Veleu\u010dili\u0161ta Ivani\u0107-Grad doc. dr. sc. Mile Marin\u010di\u0107, prof. stru\u010d. stud., i voditeljica za kvalitetu Manuela Ku\u0161ec, prof. fiz. i kem., pred., sudjelovali su 2. rujna 2026. na radionici pod nazivom \u201ePra\u0107enje zapo\u0161ljivosti u Republici Hrvatskoj: iskustva studija, zapo\u0161ljavanje i stavovi\u201c. Radionica je odr\u017eana u Ministarstvu znanosti, obrazovanja i mladih u Zagrebu.<\/p>\n<p data-start=\"453\" data-end=\"851\">Sudionicima su predstavljeni rezultati istra\u017eivanja Eurograduate 2022. u Republici Hrvatskoj, nacionalni sustav pra\u0107enja zapo\u0161ljivosti diplomiranih studenata te novi ciklus istra\u017eivanja Eurograduate 2026. Posebna pozornost posve\u0107ena je na\u010dinima na koje visoka u\u010dili\u0161ta mogu upotrebljavati rezultate pra\u0107enja zapo\u0161ljivosti u unapre\u0111ivanju studijskih programa, nastavnog procesa i podr\u0161ke studentima.<\/p>\n<p data-start=\"853\" data-end=\"1070\">U sklopu radionice predstavnici visokih u\u010dili\u0161ta podijelili su svoja iskustva i primjere dobre prakse, a nakon izlaganja odr\u017eane su rasprave o mogu\u0107nostima primjene prikupljenih podataka u razvoju visokog obrazovanja.<\/p>\n<p data-start=\"1072\" data-end=\"1312\" data-is-last-node=\"\" data-is-only-node=\"\">Sudjelovanje na radionici bilo je vrijedna prilika za razmjenu iskustava i stjecanje novih uvida va\u017enih za daljnje unaprje\u0111ivanje sustava osiguravanja kvalitete i pra\u0107enja profesionalnog razvoja zavr\u0161enih studenata Veleu\u010dili\u0161ta Ivani\u0107-Grad.<\/p>\n<p data-start=\"1072\" data-end=\"1312\" data-is-last-node=\"\" data-is-only-node=\"\">\n<p data-start=\"1072\" data-end=\"1312\" data-is-last-node=\"\" data-is-only-node=\"\"><img fetchpriority=\"high\" decoding=\"async\" class=\"alignnone size-medium wp-image-10157\" src=\"https:\/\/vsig.hr\/web\/wp-content\/uploads\/2026\/09\/IMG_1958-300x225.jpeg\" alt=\"\" width=\"300\" height=\"225\" \/> <img decoding=\"async\" class=\"alignnone size-medium wp-image-10158\" src=\"https:\/\/vsig.hr\/web\/wp-content\/uploads\/2026\/09\/IMG_1959-300x225.jpeg\" alt=\"\" width=\"300\" height=\"225\" \/> <img decoding=\"async\" class=\"alignnone size-medium wp-image-10159\" src=\"https:\/\/vsig.hr\/web\/wp-content\/uploads\/2026\/09\/IMG_1981-300x225.jpeg\" alt=\"\" width=\"300\" height=\"225\" \/><\/p>\n","protected":false},"excerpt":{"rendered":"<p>Dekan Veleu\u010dili\u0161ta Ivani\u0107-Grad doc. dr. sc. Mile Marin\u010di\u0107, prof. stru\u010d. stud., i voditeljica za kvalitetu Manuela Ku\u0161ec, prof. fiz. i kem., pred., sudjelovali su 2. rujna 2026. na radionici pod nazivom \u201ePra\u0107enje zapo\u0161ljivosti u Republici Hrvatskoj: iskustva studija, zapo\u0161ljavanje i stavovi\u201c. Radionica je odr\u017eana u Ministarstvu znanosti, obrazovanja i mladih u Zagrebu. Sudionicima su predstavljeni [&hellip;]<\/p>\n","protected":false},"author":11,"featured_media":10162,"comment_status":"open","ping_status":"open","sticky":false,"template":"","format":"standard","meta":{"_angie_page":false,"page_builder":"","footnotes":""},"categories":[65,26],"tags":[],"class_list":["post-10156","post","type-post","status-publish","format-standard","has-post-thumbnail","hentry","category-istaknuto","category-novosti"],"_links":{"self":[{"href":"https:\/\/vsig.hr\/web\/wp-json\/wp\/v2\/posts\/10156","targetHints":{"allow":["GET"]}}],"collection":[{"href":"https:\/\/vsig.hr\/web\/wp-json\/wp\/v2\/posts"}],"about":[{"href":"https:\/\/vsig.hr\/web\/wp-json\/wp\/v2\/types\/post"}],"author":[{"embeddable":true,"href":"https:\/\/vsig.hr\/web\/wp-json\/wp\/v2\/users\/11"}],"replies":[{"embeddable":true,"href":"https:\/\/vsig.hr\/web\/wp-json\/wp\/v2\/comments?post=10156"}],"version-history":[{"count":4,"href":"https:\/\/vsig.hr\/web\/wp-json\/wp\/v2\/posts\/10156\/revisions"}],"predecessor-version":[{"id":10164,"href":"https:\/\/vsig.hr\/web\/wp-json\/wp\/v2\/posts\/10156\/revisions\/10164"}],"wp:featuredmedia":[{"embeddable":true,"href":"https:\/\/vsig.hr\/web\/wp-json\/wp\/v2\/media\/10162"}],"wp:attachment":[{"href":"https:\/\/vsig.hr\/web\/wp-json\/wp\/v2\/media?parent=10156"}],"wp:term":[{"taxonomy":"category","embeddable":true,"href":"https:\/\/vsig.hr\/web\/wp-json\/wp\/v2\/categories?post=10156"},{"taxonomy":"post_tag","embeddable":true,"href":"https:\/\/vsig.hr\/web\/wp-json\/wp\/v2\/tags?post=10156"}],"curies":[{"name":"wp","href":"https:\/\/api.w.org\/{rel}","templated":true}]}}