{"id":1267,"date":"2021-02-07T07:10:38","date_gmt":"2021-02-07T07:10:38","guid":{"rendered":"https:\/\/vsig.hr\/web\/?p=1267"},"modified":"2025-10-02T13:29:47","modified_gmt":"2025-10-02T13:29:47","slug":"strucno-vijece","status":"publish","type":"post","link":"https:\/\/vsig.hr\/web\/strucno-vijece\/","title":{"rendered":"Vije\u0107e veleu\u010dili\u0161ta"},"content":{"rendered":"<p><strong>Vije\u0107e Veleu\u010dili\u0161ta Ivani\u0107-Grad:<\/strong><\/p>\n<p>doc. dr. sc. human. Mile Marin\u010di\u0107, prof. stru\u010d. stud.\u00a0 \u2013 dekan i predsjednik Vije\u0107a veleu\u010dili\u0161ta,<\/p>\n<p>Mark Tomaj, mag. physioth., v. pred.- \u010dlan<\/p>\n<p>Alen Bre\u010dek, mag. med. techn., pred.- \u010dlan<\/p>\n<p>Tatjana Petrinec, prof., dipl. bibl. &#8211; \u010dlanica<\/p>\n<p>prim. Marina Kova\u010d, dr. med., pred. &#8211; \u010dlanica<\/p>\n<p>Petra Krsti\u010devi\u0107, mag. phyisoth., pred.- \u010dlanica<\/p>\n<p>Snje\u017eana Bru\u0107i, mag. med. techn., pred.- \u010dlanica<\/p>\n<p>Valentina \u0160ipu\u0161, dipl.kateh., sv.spec.soc.pol., pred.- \u010dlanica<\/p>\n<p>Manuela Ku\u0161ec, prof. fiz. i kem., pred.- \u010dlanica<\/p>\n<p>Marina Vitkovi\u0107, mag. med. techn., pred.- \u010dlanica<\/p>\n<p>Mirjam Matkovi\u0107, predstavnik studenata, &#8211; \u010dlanica<\/p>\n<p><a href=\"https:\/\/vsig.hr\/web\/wp-content\/uploads\/2021\/02\/Poslovnik-o-radu-Vijeca-Veleucilista-v_2.pdf\">Poslovnik o radu Vije\u0107a Veleu\u010dili\u0161ta<\/a><\/p>\n<hr \/>\n<h4><span style=\"color: #000000;\"><strong><span style=\"background-color: #ffffff;\">2025. godina &#8211; Objave po ZPPI<\/span><\/strong><\/span><\/h4>\n<p><a href=\"https:\/\/vsig.hr\/web\/wp-content\/uploads\/2021\/02\/01-POZIV-I-DNEVNI-RED-ZA-22.-SJEDNICU-VIJECA-VELEUCILISTA-2024-2025.pdf\">Poziv i dnevni red za 22. sjednicu Vije\u0107a Veleu\u010dili\u0161ta 2024-2025<\/a><\/p>\n<p>&nbsp;<\/p>\n<hr \/>\n<p><a href=\"https:\/\/vsig.hr\/web\/wp-content\/uploads\/2021\/02\/01-POZIV-I-DNEVNI-RED-ZA-21.-SJEDNICU-VIJECA-VELEUCILISTA-2024-2025.pdf\">Poziv i dnevni red za 21. korespodentnu (elektroni\u010dku) sjednicu Vije\u0107a Veleu\u010dili\u0161ta 2024-2025<\/a><\/p>\n<p><a href=\"https:\/\/vsig.hr\/web\/wp-content\/uploads\/2021\/02\/01-Odluka-o-izmjeni-Odluke-o-broju-upisanih-mjesta-i-uvjetima-upisa-na-strucne-studije-za-ak.god_.-25-26.pdf\">Odluka o izmjeni Odluke o broju upisanih mjesta i uvjetima upisa na stru\u010dne studije za akademsku godinu 2025-2026<\/a><\/p>\n<p>&nbsp;<\/p>\n<hr \/>\n<p><a href=\"https:\/\/vsig.hr\/web\/wp-content\/uploads\/2021\/02\/01-Poziv-i-dnevni-red-za-20.-sjednicu-Vijeca-Veleucilista-2024-2025.pdf\">Poziv i dnevni red za 20. sjednicu Vije\u0107a Veleu\u010dili\u0161ta 2024-2025<\/a><\/p>\n<p><a href=\"https:\/\/vsig.hr\/web\/wp-content\/uploads\/2021\/02\/02-Zapisnik-s-19.-sjednice-Vijeca-Veleucilista-2024-2025.pdf\">Zapisnik s 19. sjednice Vije\u0107a Veleu\u010dili\u0161ta 2024-2025<\/a><\/p>\n<p><a href=\"https:\/\/vsig.hr\/web\/wp-content\/uploads\/2021\/02\/Ad.2.-Odluka-o-postupanju-nakon-zaprimljenog-preliminarnog-inicijalne-akreditacije-struc.prijedipl.stud_.Primaljstva.pdf\">Odluka o postupanju nakon zaprimljenog preliminarnog izvje\u0161\u0107a za inicijalnu akreditacije stru\u010dnog prijediplomskog studija Primaljstva<\/a><\/p>\n<p><a href=\"https:\/\/vsig.hr\/web\/wp-content\/uploads\/2021\/02\/AD-3.-01-Odluka-o-imenovanju-Partnerskog-tijela.pdf\">Odluka o imenovanju Partnerskog tijela<\/a><\/p>\n<p><a href=\"https:\/\/vsig.hr\/web\/wp-content\/uploads\/2021\/02\/Ad-4.-NATJECAJ-ZA-MOBILNOST-OSOBLJA.pdf\">Natje\u010daj za odabir kandidata i financiranje mobilnosti nastavnog i nenastavnog osoblja u okviru programa<br \/>\nERASMUS+ 2025-1-HR01-KA131-HED-000319392<\/a><\/p>\n<p><a href=\"https:\/\/vsig.hr\/web\/wp-content\/uploads\/2021\/02\/Ad.-6.-Odluka-o-usvajanju-misljenja-Strucnog-povjerenstva-za-izbor-L.Bobic-Lucic_.pdf\">Odluka o usvajanju mi\u0161ljenja Stru\u010dnog povjerenstva za izbor Lane Bobi\u0107 Luci\u0107_<\/a><\/p>\n<p><a href=\"https:\/\/vsig.hr\/web\/wp-content\/uploads\/2021\/02\/Ad.-7.-Odluka-o-usvajanju-misljenja-Strucnog-povjerenstva-za-izbor-V.-Koscak_.pdf\">Odluka o usvajanju mi\u0161ljenja Stru\u010dnog povjerenstva za izbor Valentine Ko\u0161\u010dak_<\/a><\/p>\n<p><a href=\"https:\/\/vsig.hr\/web\/wp-content\/uploads\/2021\/02\/Ad.8.-Odluka-o-suradnim-ustanovama-na-koje-se-odnosi-smanjenje-skolarine.pdf\">Odluka o suradnim ustanovama na koje se odnosi smanjenje \u0161kolarine<\/a><\/p>\n<hr \/>\n<p><a href=\"https:\/\/vsig.hr\/web\/wp-content\/uploads\/2021\/02\/POZIV-I-DNEVNI-RED-ZA-19.-SJEDNICU-VIJECA-VELEUCILISTA-2024-2025-2.pdf\">Poziv i dnevni red za 19. sjednicu Vije\u0107a Veleu\u010dili\u0161ta 2024-2025<\/a><\/p>\n<p><a href=\"https:\/\/vsig.hr\/web\/wp-content\/uploads\/2021\/02\/AD.-1.-Zapisnik-s-18.-sjednice-Vijeca-Veleucilista-2024-2025.pdf\">Zapisnik s 18. sjednice Vije\u0107a Veleu\u010dili\u0161ta 2024-2025<\/a><\/p>\n<p><a href=\"https:\/\/vsig.hr\/web\/wp-content\/uploads\/2021\/02\/AD.3.-Odluka-o-izboru-clanova-Stegovnog-suda.pdf\">Odluka o izboru \u010dlanova Stegovnog suda<\/a><\/p>\n<p><a href=\"https:\/\/vsig.hr\/web\/wp-content\/uploads\/2021\/02\/AD.-4.-Odluka-o-raspisivanju-internog-natjecaj-za-prijam-u-radno-strucni-suradnik.pdf\">Odluka o raspisivanju internog natje\u010daj za prijam u radno- stru\u010dni suradnik<\/a><\/p>\n<p><a href=\"https:\/\/vsig.hr\/web\/wp-content\/uploads\/2021\/02\/AD.-4.2.-Interni-natjecaja-za-prijam-u-radni-odnos-strucnog-suradnika.pdf\">Interni natje\u010daja za prijam u radni odnos stru\u010dnog suradnika<\/a><\/p>\n<p><a href=\"https:\/\/vsig.hr\/web\/wp-content\/uploads\/2021\/02\/AD.-5.-Odluka-o-raspisivanju-internog-natjecaj-za-prijam-u-radni-odnos-v.pred_.-19_.pdf\">Odluka o raspisivanju internog natje\u010daj za prijam u radni odnos &#8211; vi\u0161i predava\u010d 19%<\/a><\/p>\n<p><a href=\"https:\/\/vsig.hr\/web\/wp-content\/uploads\/2021\/02\/AD.5.2.-Interni-natjecaja-za-prijam-u-radni-odnos-v.-predavaca_.pdf\">Interni natje\u010daja za prijam u radni odnos vi\u0161eg predava\u010da<\/a><\/p>\n<p><a href=\"https:\/\/vsig.hr\/web\/wp-content\/uploads\/2021\/02\/AD.-6.-Odluka-o-raspisivanju-internog-natjecaj-za-prijam-u-radni-odnos-kineziolog.pdf\">Odluka o raspisivanju internog natje\u010daj za prijam u radni odnos &#8211; kineziolog<\/a><\/p>\n<p><a href=\"https:\/\/vsig.hr\/web\/wp-content\/uploads\/2021\/02\/AD.6.2.-Interni-natjecaja-za-prijam-u-radni-odnos-predavaca-podrucje-Kineziologije.pdf\">Interni natje\u010daja za prijam u radni odnos predava\u010da podru\u010dje Kineziologije<\/a><\/p>\n<p><a href=\"https:\/\/vsig.hr\/web\/wp-content\/uploads\/2021\/02\/Pravilnik-o-stegovnoj-odgovonosti-studenata-v_2.pdf\">Pravilnik o stegovnoj odgovornosti studenata-v_2<\/a><\/p>\n<p><a href=\"https:\/\/vsig.hr\/web\/wp-content\/uploads\/2021\/02\/AD.-7.2.-Suglasnost-na-prijedlog-plana-i-program-zaposljavanja-za-2026_.pdf\">Suglasnost na prijedlog plana i program zapo\u0161ljavanja za 2026_<\/a><\/p>\n<p><a href=\"https:\/\/vsig.hr\/web\/wp-content\/uploads\/2021\/02\/AD.-8.-Odluka-o-izmjeni-izvedbenog-plana-nastave-za-struc.prijed.fizioterapije.pdf\">Odluka o izmjeni izvedbenog plana nastave za stru\u010dni prijediplomski studij fizioterapije<\/a><\/p>\n<p><a href=\"https:\/\/vsig.hr\/web\/wp-content\/uploads\/2021\/02\/AD.-9.-Odluka-o-izmjeni-izvedbenog-plana-nastave-za-struc.prijed.Sestrinstvo-1.pdf\">Odluka o izmjeni izvedbenog plana nastave za stru\u010dni prijediplomski studij Sestrinstvo<\/a><\/p>\n<p><a href=\"https:\/\/vsig.hr\/web\/wp-content\/uploads\/2021\/02\/AD.-10.-Odluka-o-izmjeni-izvedbenog-plana-nastave-za-struc.dipl_.POR-u-fizioterapiji-1.pdf\">Odluka o izmjeni izvedbenog plana nastave za stru\u010dni diplomski studij POR u fizioterapiji<\/a><\/p>\n<p><a href=\"https:\/\/vsig.hr\/web\/wp-content\/uploads\/2021\/02\/AD.-11.-Odluka-o-izmjeni-izvedbenog-plana-nastave-za-struc.dipl_.Sestrinstvo-1.pdf\">Odluka o izmjeni izvedbenog plana nastave za stru\u010dni diplomski studijSestrinstvo<\/a><\/p>\n<p><a href=\"https:\/\/vsig.hr\/web\/wp-content\/uploads\/2021\/02\/Ad.8.-Odluka-o-usvajanju-misljenja-Strucnog-povjerenstva-za-izbor-J.Car-u-nasl.v.pred_._.pdf\">Odluka o usvajanju mi\u0161ljenja Stru\u010dnog povjerenstva za izbor Jasmine Car u naslovnog v.pred.<\/a><\/p>\n<p><a href=\"https:\/\/vsig.hr\/web\/wp-content\/uploads\/2021\/02\/Ad.13.-Odluka-o-usvajanju-misljenja-Strucnog-povjerenstva-za-izbor-M.Borovca-u-nasl.pred_-1.pdf\">Odluka o usvajanju mi\u0161ljenja Stru\u010dnog povjerenstva za izbor Matea Borovca u naslovnog pred.<\/a><\/p>\n<hr \/>\n<p><a href=\"https:\/\/vsig.hr\/web\/wp-content\/uploads\/2021\/02\/POZIV-I-DNEVNI-RED-ZA-18.-SJEDNICU-VIJECA-VELEUCILISTA-2024-2025.pdf\">Poziv i dnevni red za 18. sjednicu 2024-2025<\/a><\/p>\n<p><a href=\"https:\/\/vsig.hr\/web\/wp-content\/uploads\/2021\/02\/02-AD.-1.-Zapisnik-s-16.-sjednice-Vijeca-Veleucilista-2024-2025-2.pdf\">Zapisnik s 16. sjednice Vije\u0107a Veleu\u010dili\u0161ta 2024-2025<\/a><\/p>\n<p><a href=\"https:\/\/vsig.hr\/web\/wp-content\/uploads\/2021\/02\/03-AD.-2.-Zapisnik-s-17.-korespodentne-sjednice-VV-a.pdf\">Zapisnik s 17. korespodentne sjednice Vije\u0107a Veleu\u010dili\u0161ta 2024-2025<\/a><\/p>\n<p><a href=\"https:\/\/vsig.hr\/web\/wp-content\/uploads\/2021\/02\/05-047-PRA-07-05-2025-Pravilnik-o-poslovima-i-nastavnom-opterecenju-v_1.pdf\">047-PRA-07-05-2025-Pravilnik o poslovima i nastavnom optere\u0107enju-v_1<\/a><\/p>\n<p><a href=\"https:\/\/vsig.hr\/web\/wp-content\/uploads\/2021\/02\/06-Ad.-5-Odluka-o-XXI.-izmjeni-Odluke-o-imenovanju-vanjskih.stru_.suradnika.pdf\">Odluka o XXI. izmjeni Odluke o imenovanju vanjskih stru\u010dnih suradnika<\/a><\/p>\n<p><a href=\"https:\/\/vsig.hr\/web\/wp-content\/uploads\/2021\/02\/AD.-7.-Odluka-o-dopuni-Odluke-o-novim-izbornim-predmeta-na-studijima-Veleucilista-Ivanic-Grad_.pdf\">Odluka o dopuni Odluke o novim izbornim predmeta na studijima Veleu\u010dili\u0161ta Ivani\u0107-Grad<\/a><\/p>\n<p><a href=\"https:\/\/vsig.hr\/web\/wp-content\/uploads\/2021\/02\/AD.-8.-Odluka-o-donosenju-izvedb.pl_.-i-prog.-nastave-za-struc.prijed.fizioterapije-2025-2026.pdf\">Odluka o dono\u0161enju izvedb.pl. i prog. nastave za stru\u010dni prijediplomski studij Fizioterapije 2025-2026<\/a><\/p>\n<p><a href=\"https:\/\/vsig.hr\/web\/wp-content\/uploads\/2021\/02\/AD.-9.-Odluka-o-donosenju-izvedb.pl_.-i-prog.-nastave-za-struc.prijed.-sestrin.-2025-2026.pdf\">Odluka o dono\u0161enju izvedb.pl. i prog. nastave za stru\u010dni prijediplomski studij Sestrinstvo 2025-2026<\/a><\/p>\n<p><a href=\"https:\/\/vsig.hr\/web\/wp-content\/uploads\/2021\/02\/AD.-10.-Odluka-o-donosenju-izvedb.pl_.-i-prog.-nastave-za-struc.dipl_.-Protetika-ortotika-i-robotika-u-fizioterapiji-2025-2026.pdf\">Odluka o dono\u0161enju izvedb.pl. i prog. nastave za stru\u010dni diplomski studij Protetika ortotika i robotika u fizioterapiji 2025-2026<\/a><\/p>\n<p><a href=\"https:\/\/vsig.hr\/web\/wp-content\/uploads\/2021\/02\/AD.-11.-Odluka-o-donosenju-izvedb.pl_.-i-prog.-nastave-za-struc.dipl_.-Sestrinstvo-2025-2026.pdf\">Odluka o dono\u0161enju izvedb.pl. i prog. nastave za stru\u010dni diplomski studij Sestrinstvo 2025-2026<\/a><\/p>\n<p><a href=\"https:\/\/vsig.hr\/web\/wp-content\/uploads\/2021\/02\/AD.-12-Suglasnost-na-prijedlog-II.-Izmjena-plana-i-program-zaposljavanja-za-2025_.pdf\">Suglasnost na prijedlog II. Izmjena plana i program zapo\u0161ljavanja za 2025_<\/a><\/p>\n<p><a href=\"https:\/\/vsig.hr\/web\/wp-content\/uploads\/2021\/02\/AD.-13.-Odluka-o-ponistenju-Odluke-o-pokretanju-postupka-za-izbor-S.Bruci-na-radno-mjesto-viseg-predavaca_.pdf\">Odluka o poni\u0161tenju Odluke o pokretanju postupka za izbor Snje\u017eane Bru\u0107i na radno mjesto vi\u0161eg predava\u010da_<\/a><\/p>\n<p><a href=\"https:\/\/vsig.hr\/web\/wp-content\/uploads\/2021\/02\/AD.-14.-Odluka-o-internom-postupku-reizbora-S.Bruci-na-radno-mjesto-predavaca.pdf\">Odluka o internom postupku reizbora Snje\u017eane Bru\u0107i na radno mjesto predava\u010da<\/a><\/p>\n<p><a href=\"https:\/\/vsig.hr\/web\/wp-content\/uploads\/2021\/02\/AD.-15.-Odluka-o-pokretanju-internog-postupka-za-reizbor-naslovnog-predavaca-V.Koscak.pdf\">Odluka o pokretanju internog postupka za reizbor naslovnog predava\u010da &#8211; Valentina Ko\u0161\u010dak<\/a><\/p>\n<p><a href=\"https:\/\/vsig.hr\/web\/wp-content\/uploads\/2021\/02\/Odluka-o-usvajanju-misljenja-Strucnog-povjerenstva-o-ispunjavanju-uvjeta-za-izbor-Ide-Matic.pdf\">Odluka o usvajanju mi\u0161ljenja Stru\u010dnog povjerenstva o ispunjavanju uvjeta za izbor Ide Mati\u0107<\/a><\/p>\n<hr \/>\n<p><a href=\"https:\/\/vsig.hr\/web\/wp-content\/uploads\/2021\/02\/1-POZIV-I-DNEVNI-RED-ZA-17.-SJEDNICU-VIJECA-VELEUCILISTA-2024-2025.pdf\">Poziv i dnevni red za 17. korespodentnu sjednicu 2024-2025<\/a><\/p>\n<p><a href=\"https:\/\/vsig.hr\/web\/wp-content\/uploads\/2021\/02\/Ad.1.-Odluka-o-utvrdivanju-clanova-Vijeca-Veleucilista.pdf\">Odluka o utvr\u0111ivanju \u010dlanova Vije\u0107a Veleu\u010dili\u0161ta<\/a><\/p>\n<p><a href=\"https:\/\/vsig.hr\/web\/wp-content\/uploads\/2021\/02\/Ad.2.-Odluka-o-akademskom-kalendaru-2025.-2026_.pdf\">Odluka o akademskom kalendaru 2025.-2026_<\/a><\/p>\n<p><a href=\"https:\/\/vsig.hr\/web\/wp-content\/uploads\/2021\/02\/Ad.3-Odluka-o-XX.-izmjeni-Odluke-o-imenovanju-vanjskih.stru_.suradnika.pdf\">Odluka o XX. izmjeni Odluke o imenovanju vanjskih.stru.suradnika<\/a><\/p>\n<p><a href=\"https:\/\/vsig.hr\/web\/wp-content\/uploads\/2021\/02\/Ad.4.-Odluka-o-VI.-dopuna-Odluke-o-imenovanju-mentora-strucne-prakse-sestrinstvo.pdf\">Odluka o VI. dopuna Odluke o imenovanju mentora stru\u010dne prakse &#8211; sestrinstvo<\/a><\/p>\n<p><a href=\"https:\/\/vsig.hr\/web\/wp-content\/uploads\/2021\/02\/Ad.5-Odluka-o-imenovanju-mentora-primaljstvo.pdf\">Odluka o imenovanju mentora primaljstvo<\/a><\/p>\n<p><a href=\"https:\/\/vsig.hr\/web\/wp-content\/uploads\/2021\/02\/AD6ODL1.pdf\">Odluka o VIII. izmjeni izvedbenog plana nastave stru\u010dnog prijediplomskog studija Fizioterapije 2024.-2025<\/a><\/p>\n<p><a href=\"https:\/\/vsig.hr\/web\/wp-content\/uploads\/2021\/02\/Ad.7-Odluka-o-izmjeni-i-dopuni-programa-cjelozivotnog-obrazovanja.pdf\">Odluka o izmjeni i dopuni programa cjelo\u017eivotnog obrazovanja<\/a><\/p>\n<p><a href=\"https:\/\/vsig.hr\/web\/wp-content\/uploads\/2021\/02\/AD.8-Odluka-o-imenovanju-recenzenata-za-Biomehanika-i-klinicka-anatomija-stopala-sake-i-cervikalne-kralje.pdf\">Odluka o imenovanju recenzenata za Biomehanika i klini\u010dka anatomija stopala \u0161ake i cervikalne kralje\u017enice<\/a><\/p>\n<p><a href=\"https:\/\/vsig.hr\/web\/wp-content\/uploads\/2021\/02\/Ad.9-Odluka-o-imenovanju-recenzenata-za-Monografiju-Veleucilista-Ivanic-Grad.pdf\">Odluka o imenovanju recenzenata za Monografiju Veleu\u010dili\u0161ta Ivani\u0107-Grad<\/a><\/p>\n<p>&nbsp;<\/p>\n<hr \/>\n<p><a href=\"https:\/\/vsig.hr\/web\/wp-content\/uploads\/2021\/02\/01-POZIV-I-DNEVNI-RED-ZA-16.-SJEDNICU-VIJECA-VELEUCILISTA-2024-2025.pdf\">Poziv i dnevni red za 16. sjednicu 2024-2025<\/a><\/p>\n<p><a href=\"https:\/\/vsig.hr\/web\/wp-content\/uploads\/2021\/02\/052-PRA-Pravilnik-o-studiranju-07-04-2023-v_2.pdf\">Pravilnik o studiranju<\/a><\/p>\n<p><a href=\"https:\/\/vsig.hr\/web\/wp-content\/uploads\/2021\/02\/059-PRA-04-04-2023-Pravilnik-o-strucnoj-praksi-v_2-.pdf\">Pravilnik o stru\u010dnoj praksi<\/a><\/p>\n<p><a href=\"https:\/\/vsig.hr\/web\/wp-content\/uploads\/2021\/02\/058-PRA-01-05-2023-Pravilnik-o-mobilnosti-u-okviru-Erasmus-povelje-v_2.pdf\">Pravilnik o mobilnosti u okviru Erasmus + povelje<\/a><\/p>\n<p><a href=\"https:\/\/vsig.hr\/web\/wp-content\/uploads\/2021\/02\/AD.1.-Zapisnik-s-15.-sjednice-Vijeca-Veleucilista-2024-2025-2.pdf\">Zapisnik s 15. sjednice Vije\u0107a Veleu\u010dili\u0161ta 2024-2025<\/a><\/p>\n<p><a href=\"https:\/\/vsig.hr\/web\/wp-content\/uploads\/2021\/02\/AD.5.-ODLUKA-O-POPISU-OSOBA-IZ-KOJE-SE-BIRA-POVJERENSTVO-ZA-UPISE-I-PRACENJE-NASTAVE.pdf\">Odluka o popisu osoba iz kojeg se bira Povjerenstvo za upise i pra\u0107enje nastave <\/a><\/p>\n<p><a href=\"https:\/\/vsig.hr\/web\/wp-content\/uploads\/2021\/02\/Odluka-o-novim-izbornim-predmeta-na-studijima-Veleucilista-Ivanic-Grad_.pdf\">Odluka o novim izbornim predmeta na studijima Veleu\u010dili\u0161ta Ivani\u0107-Grad_<\/a><\/p>\n<p><a href=\"https:\/\/vsig.hr\/web\/wp-content\/uploads\/2021\/02\/Odluka-o-izvedbenom-planu-BIP-Neurophysiotherapy-\u2013-practical-approaches-and-integration-of-new-methods.pdf\">Odluka o izvedbenom planu BIP Neurophysiotherapy \u2013 practical approaches and integration of new methods<\/a><\/p>\n<p><a href=\"https:\/\/vsig.hr\/web\/wp-content\/uploads\/2021\/02\/AD.8.Odluka-o-visini-naknade-za-strucno-usavrsavanje-Procjena-funkcionalnih-aktivnosti-kod-bolesnika.pdf\">Odluka o visini naknade za stru\u010dno usavr\u0161avanje Procjena funkcionalnih aktivnosti kod bolesnika<\/a><\/p>\n<p><a href=\"https:\/\/vsig.hr\/web\/wp-content\/uploads\/2021\/02\/AD.9.-Odluka-o-internom-postupku-izbora-na-vise-radno-mjesto-M.-Kovac.pdf\">Odluka o internom postupku izbora na vi\u0161e radno mjesto M. Kova\u010d<\/a><\/p>\n<p><a href=\"https:\/\/vsig.hr\/web\/wp-content\/uploads\/2021\/02\/AD.10.-Odluka-o-internom-postupku-izbora-na-vise-radno-mjesto-S.Bruci_.pdf\">Odluka o internom postupku izbora na vi\u0161e radno mjesto S.Bru\u0107i<\/a><\/p>\n<p><a href=\"https:\/\/vsig.hr\/web\/wp-content\/uploads\/2021\/02\/AD.11-Odluka-o-pokretanju-internog-postupka-za-izbor-naslovnog-predavaca-I.Vukoja.pdf\">Odluka o pokretanju internog postupka za izbor naslovnog predava\u010da &#8211; I.Vukoja<\/a><\/p>\n<p><a href=\"https:\/\/vsig.hr\/web\/wp-content\/uploads\/2021\/02\/AD.13.-Odluka-o-ponistenju-Odluke-o-pokretanju-postupka-za-izbor-Matea-Borovca-u-naslovnog-predavaca.pdf\">Odluka o poni\u0161tenju Odluke o pokretanju postupka za izbor Matea Borovca u naslovnog predava\u010da.<\/a><\/p>\n<p><a href=\"https:\/\/vsig.hr\/web\/wp-content\/uploads\/2021\/02\/AD.14.-Odluka-o-ponistenju-psotupka-izbora-L.Bobic-Lucic.pdf\">Odluka o poni\u0161tenju psotupka izbora L.Bobi\u0107 Luci\u0107<\/a><\/p>\n<p><a href=\"https:\/\/vsig.hr\/web\/wp-content\/uploads\/2021\/02\/AD.15.-Odluka-o-pokretanju-internog-postupka-za-izbor-naslovnog-predavaca-M.-borovac.pdf\">Odluka o pokretanju internog postupka za izbor naslovnog predava\u010da M. borovac<\/a><\/p>\n<p><a href=\"https:\/\/vsig.hr\/web\/wp-content\/uploads\/2021\/02\/AD.16.-Odluka-o-pokretanju-internog-postupka-za-izbor-naslovnog-predavaca-L.Bobic-Lucicx.pdf\">Odluka o pokretanju internog postupka za izbor naslovnog predava\u010da L.Bobi\u0107 Luci\u0107x<\/a><\/p>\n<p><a href=\"https:\/\/vsig.hr\/web\/wp-content\/uploads\/2021\/02\/Ad-17.-Odluka-o-dopuni-dokumenaticije-za-Marinu-Vitkovic-na-radno-mjesto-predavaca.pdf\">Odluka o dopuni dokumenaticije za Marinu Vitkovi\u0107 na radno mjesto predava\u010da<\/a><\/p>\n<p><a href=\"https:\/\/vsig.hr\/web\/wp-content\/uploads\/2021\/02\/AD.18-Odluka-o-usvajanju-recenzentskih-obrazaca.pdf\">Odluka o usvajanju recenzentskih obrazaca<\/a><\/p>\n<p>&nbsp;<\/p>\n<hr \/>\n<p><a href=\"https:\/\/vsig.hr\/web\/wp-content\/uploads\/2021\/02\/01-POZIV-I-DNEVNI-RED-ZA-15.-SJEDNICU-VIJECA-VELEUCILISTA-2024-2025._.pdf\">Poziv i dnevni red za 15. sjednicu 2024-2025<\/a><\/p>\n<p><a href=\"https:\/\/vsig.hr\/web\/wp-content\/uploads\/2021\/02\/02-Ad.1-Odluka-o-utvrdivanju-clanova-Vijeca-Veleucilista.pdf\">Odluka o utvr\u0111ivanju \u010dlanova Vije\u0107a Veleu\u010dili\u0161ta<\/a><\/p>\n<p><a href=\"https:\/\/vsig.hr\/web\/wp-content\/uploads\/2021\/02\/03-Ad.2.-Zaspisnik-s-13.-sjednice-Vijeca-Veleucilista-2024-2025-1.pdf\">Zapisnik s 13. sjednice Vije\u0107a Veleu\u010dili\u0161ta 2024-2025<\/a><\/p>\n<p><a href=\"https:\/\/vsig.hr\/web\/wp-content\/uploads\/2021\/02\/04-Ad.3-Zapisnik-s-14.-korespodentne-sjednice-VV-a.pdf\">Zapisnik s 14. korespodentne sjednice Vije\u0107a Veleu\u010dili\u0161ta 2024-2025<\/a><\/p>\n<p><a href=\"https:\/\/vsig.hr\/web\/wp-content\/uploads\/2021\/02\/Ad.4.-056-PRA-07-04-2023-Pravilnik-o-obliku-i-sadrzaju-svjedodzbi-diploma.v_3.pdf\">Pravilnik o obliku i sadr\u017eaju svjedod\u017ebi diploma<\/a><\/p>\n<p><a href=\"https:\/\/vsig.hr\/web\/wp-content\/uploads\/2021\/02\/05-Odluka-o-suradnim-ustanovama-na-koje-se-odnosi-smanjenje-skolarine.pdf\">Odluka o suradnim ustanovama na koje se odnosi smanjenje \u0161kolarine<\/a><\/p>\n<p><a href=\"https:\/\/vsig.hr\/web\/wp-content\/uploads\/2021\/02\/Ad.6.-Javni-natjecaj-za-upis-u-akademsku-godinnu-2025.-2026.pdf\">Javni natje\u010daj za upis u akademsku godinu 2025. 2026<\/a><\/p>\n<p><a href=\"https:\/\/vsig.hr\/web\/wp-content\/uploads\/2021\/02\/06-Ad.8-Odluka-o-XIX.-izmjeni-Odluke-o-imenovanju-vanjskih.stru_.suradnika.pdf\"> Odluka o XIX. izmjeni Odluke o imenovanju vanjskih stru\u010dnih suradnika<\/a><\/p>\n<p><a href=\"https:\/\/vsig.hr\/web\/wp-content\/uploads\/2021\/02\/07-Ad.9.-Odluka-o-VI.-dopuni-Odluke-o-imenovanju-naslovnih-naslovnika.pdf\">Odluka o VI. dopuni Odluke o imenovanju naslovnih naslovnika<\/a><\/p>\n<p><a href=\"https:\/\/vsig.hr\/web\/wp-content\/uploads\/2021\/02\/07-Ad.10-Odluka-o-III.-dopuni-o-imenovanju-koordinatora-strucne-prakse-u-nastavnim-bazam.pdf\">Odluka o III. dopuni o imenovanju koordinatora stru\u010dne prakse u nastavnim bazam<\/a><\/p>\n<p><a href=\"https:\/\/vsig.hr\/web\/wp-content\/uploads\/2021\/02\/08-Ad.11.-Odluka-o-V.-dopuna-Odluke-o-imenovanju-mentora-strucne-prakse-sestrinstvo.pdf\"> Odluka o V. dopuna Odluke o imenovanju mentora stru\u010dne prakse &#8211; sestrinstvo<\/a><\/p>\n<p><a href=\"https:\/\/vsig.hr\/web\/wp-content\/uploads\/2021\/02\/Ad.7-Odluka-o-usvajanju-programa-cjelozivotnog-obrazovanja.pdf\">Odluka o usvajanju programa cjelo\u017eivotnog obrazovanja<\/a><\/p>\n<p><a href=\"https:\/\/vsig.hr\/web\/wp-content\/uploads\/2021\/02\/AD13OD1.pdf\">Odluka o VII. izmjeni izvedbenog plana nastave stru\u010dnog prijediplomskog studija Fizioterapije 2024.-2025<\/a><\/p>\n<p><a href=\"https:\/\/vsig.hr\/web\/wp-content\/uploads\/2021\/02\/Ad.14-Odluka-o-imenovanju-Povjerenstva-za-izdavacki-djelatnost.pdf\">Odluka o imenovanju Povjerenstva za izdava\u010dki djelatnost<\/a><\/p>\n<p>&nbsp;<\/p>\n<hr \/>\n<p><a href=\"https:\/\/vsig.hr\/web\/wp-content\/uploads\/2021\/02\/01-POZIV-I-DNEVNI-RED-ZA-14.-SJEDNICU-VIJECA-VELEUCILISTA-2024-2025.pdf\">Poziv i dnevni red za 14. sjednicu 2024-2025<\/a><\/p>\n<p><a href=\"https:\/\/vsig.hr\/web\/wp-content\/uploads\/2021\/02\/02-AD.-1.-Odluka-o-prijavi-kandidata-za-priznjanje-Zbora-Veleucilista.pdf\">Odluka o prijavi kandidata za priznjanje Zbora Veleu\u010dili\u0161ta<\/a><\/p>\n<p><a href=\"https:\/\/vsig.hr\/web\/wp-content\/uploads\/2021\/02\/03-Ad.-5.-Odluka-o-IV.-dopuna-Odluke-o-imenovanju-mentora-strucne-prakse-sestrinstvo.pdf\"> Odluka o IV. dopuna Odluke o imenovanju mentora stru\u010dne prakse &#8211; sestrinstvo<\/a><\/p>\n<p><a href=\"https:\/\/vsig.hr\/web\/wp-content\/uploads\/2021\/02\/04-Ad.6-Odluka-o-II.-dopuni-o-imenovanju-koordinatora-strucne-prakse-u-nastavnim-bazam.pdf\">Odluka o II. dopuni o imenovanju koordinatora stru\u010dne prakse u nastavnim bazama<\/a><\/p>\n<p><a href=\"https:\/\/vsig.hr\/web\/wp-content\/uploads\/2021\/02\/AD.2.-Prethodna-suglasnost-drustvene-znanosti-informacijske-znanosti.pdf\">Prethodna suglasnost dru\u0161tvene znanosti <\/a><\/p>\n<p><a href=\"https:\/\/vsig.hr\/web\/wp-content\/uploads\/2021\/02\/AD.3.-Prethodna-suglasnost-Biotehnologija-biotehnoloske-znanosti.pdf\">Prethodna suglasnost Biotehnologija\u00a0<\/a><\/p>\n<p><a href=\"https:\/\/vsig.hr\/web\/wp-content\/uploads\/2021\/02\/Ad.7.-Odluka-o-usvajanju-misljenja-Strucnog-povjerenstva-za-izbor-M.-Berkovic-Subic-u-v.pred_.pdf\">Odluka o usvajanju mi\u0161ljenja Stru\u010dnog povjerenstva<\/a><\/p>\n<p><a href=\"https:\/\/vsig.hr\/web\/wp-content\/uploads\/2021\/02\/Ad.8.Odluka-o-usvajanju-misljenja-Strucnog-povjerenstva-za-izbor-M.-Vitkovic-u-pred_.pdf\">Odluka o usvajanju mi\u0161ljenja Stru\u010dnog povjerenstva<\/a><\/p>\n<p><a href=\"https:\/\/vsig.hr\/web\/wp-content\/uploads\/2021\/02\/04-Ad.3-Zapisnik-s-14.-korespodentne-sjednice-VV-a.pdf\">Zapisnik s 14. korespodentne sjednice Vije\u0107a Veleu\u010dili\u0161ta 2024-2025<\/a><\/p>\n<hr \/>\n<p><a href=\"https:\/\/vsig.hr\/web\/wp-content\/uploads\/2021\/02\/01-POZIV-I-DNEVNI-RED-ZA-13.-SJEDNICU-VIJECA-VELEUCILISTA-2024-2025-1.pdf\">Poziv i dnevni red za 13.sjednicu 2024-2025<\/a><\/p>\n<p><a href=\"https:\/\/vsig.hr\/web\/wp-content\/uploads\/2021\/02\/03-Ad.2.-Zaspisnik-s-13.-sjednice-Vijeca-Veleucilista-2024-2025.pdf\">Zapisnik s 13. sjednice Vije\u0107a Veleu\u010dili\u0161ta 2024-2025<\/a><\/p>\n<p><a href=\"https:\/\/vsig.hr\/web\/wp-content\/uploads\/2021\/02\/05-Odluka-o-suradnim-ustanovama-na-koje-se-odnosi-smanjenje-skolarine.pdf\">Odluka o suradnim ustanovama na koje se odnosi smanjenje \u0161kolarine<\/a><\/p>\n<p><a href=\"https:\/\/vsig.hr\/web\/wp-content\/uploads\/2021\/02\/06-Izmjena-i-dopuna-Akcijskog-plan-u-postupku-naknadnog-pracenja-struc.dipl_.-Sestrins.pdf\">Izmjena i dopuna Akcijskog plan u postupku naknadnog pra\u0107enja stru\u010d.dipl. Sestrins<\/a><\/p>\n<p><a href=\"https:\/\/vsig.hr\/web\/wp-content\/uploads\/2021\/02\/07-Imenovanje-predstavnika-Izbornog-povj.-i-Povj.-za-prigovore-u-izboru-Stud.zbora-ispred-Vijeca-V_.pdf\">Imenovanje predstavnika Izbornog povj. i Povj. za prigovore u izboru Stud.zbora ispred Vije\u0107a V_<\/a><\/p>\n<p><a href=\"https:\/\/vsig.hr\/web\/wp-content\/uploads\/2021\/02\/08-Odluka-o-Izvjescu-mentora-o-radu-asistenta.-M.Vitkovic_.pdf\">Odluka o Izvje\u0161\u0107u mentora o radu asistenta<\/a><\/p>\n<p><a href=\"https:\/\/vsig.hr\/web\/wp-content\/uploads\/2021\/02\/09-Rjesenje-o-ocjeni-rada-asistenta-M.Vitkovic.pdf\">Rje\u0161enje o ocjeni rada asistenta<\/a><\/p>\n<p><a href=\"https:\/\/vsig.hr\/web\/wp-content\/uploads\/2021\/02\/02-Odluka-o-internom-postupku-izbora-na-vise-radno-mjesto-M.-Vitkovic.pdf\">Odluka o internom postupku izbora na vi\u0161e radno mjesto<\/a><\/p>\n<p><a href=\"https:\/\/vsig.hr\/web\/wp-content\/uploads\/2021\/02\/02-Odluka-o-imenovanju-Povjerenstva-za-cjelozivotno-obrazovanje.pdf\">Odluka o imenovanju Povjerenstva za cjelo\u017eivotno obrazovanje<\/a><\/p>\n<p>&nbsp;<\/p>\n<hr \/>\n<p><a href=\"https:\/\/vsig.hr\/web\/wp-content\/uploads\/2021\/02\/POZIVI1.pdf\">Poziv i dnevni red za 12. sjednicu 2024-2025<\/a><\/p>\n<p><a href=\"https:\/\/vsig.hr\/web\/wp-content\/uploads\/2021\/02\/04-Zapisnik-s-12.-korespodentne-sjednice-Vijeca-Veleucilista-2024-2025.pdf\">Zapisnik s 12. korespodentne sjednice Vije\u0107a Veleu\u010dili\u0161ta 2024-2025<\/a><\/p>\n<hr \/>\n<p><a href=\"https:\/\/vsig.hr\/web\/wp-content\/uploads\/2021\/02\/POZIV-I-DNEVNI-RED-ZA-11.-SJEDNICU-VIJECA-VELEUCILISTA-2024-2025.pdf\">Poziv i dnevni red za 11. sjednicu 2024-2025<\/a><\/p>\n<p><a href=\"https:\/\/vsig.hr\/web\/wp-content\/uploads\/2021\/02\/03-Zaspisnik-s-11.-sjednice-Vijeca-Veleucilista-2024-2025-1.pdf\">Zaspisnik s 11. sjednice Vije\u0107a Veleu\u010dili\u0161ta 2024-2025<\/a><\/p>\n<hr \/>\n<p><a href=\"https:\/\/vsig.hr\/web\/wp-content\/uploads\/2021\/02\/POZIV-I-DNEVNI-RED-ZA-10.-SJEDNICU-VIJECA-VELEUCILISTA-2024-2025.pdf\">Poziv i dnevni red za 10. sjednicu 2024-2025<\/a><\/p>\n<p><a href=\"https:\/\/vsig.hr\/web\/wp-content\/uploads\/2021\/02\/02-Zaspisnik-s-10.-sjednice-Vijeca-Veleucilista-2024-2025.pdf\">Zaspisnik s 10. sjednice Vije\u0107a Veleu\u010dili\u0161ta 2024-2025<\/a><\/p>\n<h4><span style=\"color: #000000;\"><strong><span style=\"background-color: #ffffff;\">2024. godina &#8211; Objave po ZPPI<\/span><\/strong><\/span><\/h4>\n<p>&nbsp;<\/p>\n<p><a href=\"https:\/\/vsig.hr\/web\/wp-content\/uploads\/2021\/02\/POZIV-I-DNEVNI-RED-ZA-9.-ELEKTRONICKU-KORESPODENTNU-SJEDNICU-VIJECA-VELEUCILISTA-2024-2025.pdf\">Poziv i dnevni red za 9. sjednicu 2024-2025<\/a><\/p>\n<p><a href=\"https:\/\/vsig.hr\/web\/wp-content\/uploads\/2021\/02\/Zapisnik-s-9.-korespodentne-sjednice-Vijeca-Veleucilista-u-2024.-2025_.pdf\">Zapisnik s 9. korespodentne sjednice Vije\u0107a Veleu\u010dili\u0161ta u 2024.-2025_<\/a><\/p>\n<hr \/>\n<p><a href=\"https:\/\/vsig.hr\/web\/wp-content\/uploads\/2021\/02\/POZIV-I-DNEVNI-RED-ZA-8.-ELEKTRONICKU-KORESPODENTNU-SJEDNICU-VIJECA-VELEUCILISTA-2024-2025-1.pdf\">Poziv i dnevni red za 8. sjednicu 2024-2025<\/a><\/p>\n<p><a href=\"https:\/\/vsig.hr\/web\/wp-content\/uploads\/2021\/02\/Zapisnik-s-8.-korespodentne-sjednice-Vijeca-Veleucilista-u-2024.-2025_.pdf\">Zapisnik s 8. korespodentne sjednice Vije\u0107a Veleu\u010dili\u0161ta u 2024.-2025_<\/a><\/p>\n<hr \/>\n<p><a href=\"https:\/\/vsig.hr\/web\/wp-content\/uploads\/2021\/02\/POZIV-I-DNEVNI-RED-ZA-7.-ELEKTRONICKU-KORESPODENTNU-SJEDNICU-VIJECA-VELEUCILISTA-2024-2025.pdf\">Poziv i dnevni red za 7. sjednicu 2024-2025<\/a><\/p>\n<p><a href=\"https:\/\/vsig.hr\/web\/wp-content\/uploads\/2021\/02\/Zapisnik-s-7.-korespodentne-Vijeca-Veleucilista-u-2024.-2025._.pdf\">Zapisnik s 7. korespodentne Vije\u0107a Veleu\u010dili\u0161ta u 2024.-2025._<\/a><\/p>\n<hr \/>\n<p><a href=\"https:\/\/vsig.hr\/web\/wp-content\/uploads\/2021\/02\/POZIV-I-DNEVNI-RED-ZA-6.-SJEDNICU-VIJECA-VELEUCILISTA-2024-2025.pdf\">Poziv i dnevni red za 6. sjednicu 2024-2025<\/a><\/p>\n<p><a href=\"https:\/\/vsig.hr\/web\/wp-content\/uploads\/2021\/02\/03-Zapisnik-s-6.-sjednice-Vijeca-Veleucilista-2024-2025.pdf\">Zapisnik s 6. sjednice Vije\u0107a Veleu\u010dili\u0161ta 2024-2025<\/a><\/p>\n<hr \/>\n<p><a href=\"https:\/\/vsig.hr\/web\/wp-content\/uploads\/2021\/02\/3.-tc.-Zapisnik-s-5.-korespodentne-sjednice-VV-a_.pdf\">Zapisnik s 5. korespodentne sjednice 2024-2025<\/a><\/p>\n<p><a href=\"https:\/\/vsig.hr\/web\/wp-content\/uploads\/2021\/02\/POZIV-I-DNEVNI-RED-ZA-5.-ELEKTRONICKU-KORESPODENTNU-SJEDNICU-VIJECA-VELEUCILISTA-2024-2025.pdf\">Poziv i dnevni red za 5. sjednicu 2024-2025<\/a><\/p>\n<hr \/>\n<p><a href=\"https:\/\/vsig.hr\/web\/wp-content\/uploads\/2021\/02\/2.-tc.-Zapisnik-s-4.-korespodentne-sjednice-VV-a_.pdf\">Zapisnik s 4. korespodentne sjednice 2024-2025_<\/a><\/p>\n<p><a href=\"https:\/\/vsig.hr\/web\/wp-content\/uploads\/2021\/02\/POZIV-I-DNEVNI-RED-ZA-4.-ELEKTRONICKU-KORESPODENTNU-SJEDNICU-VIJECA-VELEUCILISTA-2024-2025.pdf\">Poziv i dnevni red za 4. sjednicu 2024-2025<\/a><\/p>\n<hr \/>\n<p><a href=\"https:\/\/vsig.hr\/web\/wp-content\/uploads\/2021\/02\/1.tc_.-Zapisnik-s-3.-sjednice-u-akademskoj-godini-2024-2025.pdf\">Zapisnik s 3. sjednice 2024-2025<\/a><\/p>\n<p><a href=\"https:\/\/vsig.hr\/web\/wp-content\/uploads\/2021\/02\/POZIV-I-DNEVNI-RED-ZA-3.-SJEDNICU-VIJECA-VELEUCILISTA-2024-2025_-1.pdf\">Poziv i dnevni red za 3. sjednicu 2024-2025<\/a><\/p>\n<hr \/>\n<p><a href=\"https:\/\/vsig.hr\/web\/wp-content\/uploads\/2021\/02\/3.-tc.-Zapisnik-s-2.-korespodentne-sjednice-VV-a-2024.-2025_.pdf\">Zapisnik s 2. korespodentne sjednice 2024.-2025_<\/a><\/p>\n<p><a href=\"https:\/\/vsig.hr\/web\/wp-content\/uploads\/2021\/02\/POZIV-I-DNEVNI-RED-ZA-2.-ELEKTRONICKU-KORESPODENTNU-SJEDNICU-VIJECA-VELEUCILISTA-2024-2025.pdf\">Poziv i dnevni red za 2. sjednicu 2024-2025<\/a><\/p>\n<hr \/>\n<p><a href=\"https:\/\/vsig.hr\/web\/wp-content\/uploads\/2021\/02\/2.-tc.-Zapisnik-s-1.-korespodentne-sjednice-VV-a-2024.-2025_.pdf\">Zapisnik s 1. korespodentne sjednice 2024.-2025_<\/a><\/p>\n<p><a href=\"https:\/\/vsig.hr\/web\/wp-content\/uploads\/2021\/02\/POZIV-I-DNEVNI-RED-ZA-1.-ELEKTRONICKUkorespodentnu-SJEDNICU-VIJECA-VELEUCILISTA-2024-2025-1.pdf\">Poziv\u00a0 i dnevni red za 1. sjednicu 2024-2025<\/a><\/p>\n<hr \/>\n<p><a href=\"https:\/\/vsig.hr\/web\/wp-content\/uploads\/2021\/02\/1.tc_.-Zapisnik-s-22.-sjednice-u-akademskoj-godini-2023-2024.pdf\">Zapisnik s 22. sjednice 2023-2024<\/a><\/p>\n<p><a href=\"https:\/\/vsig.hr\/web\/wp-content\/uploads\/2021\/02\/POZIV-I-DNEVNI-RED-ZA-22.-SJEDNICU-VIJECA-VELEUCILISTA-2023-2024_.pdf\">Poziv i dnevni red za 22.sjednicu 2023-2024<\/a><\/p>\n<hr \/>\n<p><a href=\"https:\/\/vsig.hr\/web\/wp-content\/uploads\/2021\/02\/5.TC_.-Zapsinik-s-21.-sjednice-Vijeca-2023-2024.pdf\">Zapisnik s 21. sjednice Vije\u0107a 2023-2024<\/a><\/p>\n<p><a href=\"https:\/\/vsig.hr\/web\/wp-content\/uploads\/2021\/02\/POZIV-I-DNEVNI-RED-ZA-21.-KORESPODENTNU-SJEDNICU-VIJECA-VELEUCILITA-2023-2024._.pdf\">Poziv i dnevni red za 21. sjednicu 2023-2024<\/a><\/p>\n<hr \/>\n<p><a href=\"https:\/\/vsig.hr\/web\/wp-content\/uploads\/2021\/02\/4.-tc.Zapisnik-s-20.-sjednice-u-akademskoj-godini-2023-2024.pdf\">Zapisnik s 20. sjednice 2023-2024<\/a><\/p>\n<p><a href=\"https:\/\/vsig.hr\/web\/wp-content\/uploads\/2021\/02\/POZIV-I-DNEVNI-RED-ZA-20.-SJEDNICU-VIJECA-VELEUCILISTA-2023-2024_.pdf\">Poziv i dnevni red za 20.sjednicu 2023-2024<\/a><\/p>\n<hr \/>\n<p><a href=\"https:\/\/vsig.hr\/web\/wp-content\/uploads\/2021\/02\/3.-tc.-Zapisnik-s-19.-korespodentne-sjednice-VV-a-_.pdf\">Zapisnik s 19. korespodentne sjednice 2023-2024_<\/a><\/p>\n<p><a href=\"https:\/\/vsig.hr\/web\/wp-content\/uploads\/2021\/02\/POZIV-I-DNEVNI-RED-ZA-19.-KORESPODENTNU-SJEDNICU-VIJECA-VELEUCILITA-2023-2024.pdf\">Poziv i dnevni red za 19. sjednicu 2023-2024<\/a><\/p>\n<hr \/>\n<p><a href=\"https:\/\/vsig.hr\/web\/wp-content\/uploads\/2021\/02\/2.-tc.-Zapisnik-s-18.-korespodentne-sjednice-VV-a-2_.pdf\">Zapisnik s 18. korespodentne sjednice 2023-2024_<\/a><\/p>\n<p><a href=\"https:\/\/vsig.hr\/web\/wp-content\/uploads\/2021\/02\/POZIV-I-DNEVNI-RED-ZA-18.-KORESPODENTNU-SJEDNICU-VIJECA-VELEUCILITA-2023-2024.pdf\">Poziv i dnevni red za 18. sjednicu 2023-2024<\/a><\/p>\n<hr \/>\n<p><a href=\"https:\/\/vsig.hr\/web\/wp-content\/uploads\/2021\/02\/Zapisnik-s-17.-sjednice-u-akademskoj-godini-2023-2024.pdf\">Zapisnik sa 17. sjednice 2023-2024<\/a><\/p>\n<p><a href=\"https:\/\/vsig.hr\/web\/wp-content\/uploads\/2021\/02\/POZIV-I-DNEVNI-RED-ZA-17.-SJEDNICU-VIJECA-VELEUCILISTA-2023-2024_.pdf\">Poziv i dnevni red za 17. sjednicu 2023-2024<\/a><\/p>\n<hr \/>\n<p><a href=\"https:\/\/vsig.hr\/web\/wp-content\/uploads\/2021\/02\/Zapisnik-s-16.sjednice-2023.-2024_.pdf\">Zapisnik s 16.sjednice 2023.-2024_<\/a><\/p>\n<p><a href=\"https:\/\/vsig.hr\/web\/wp-content\/uploads\/2021\/02\/POZIV-I-DNEVNI-RED-ZA-16.-KORESPODENTNU-SJEDNICU-VIJECA-VELEUCILITA-2023-2024.pdf\">Poziv i dnevni red za 16. sjednicu 2023-2024<\/a><\/p>\n<hr \/>\n<p><a href=\"https:\/\/vsig.hr\/web\/wp-content\/uploads\/2021\/02\/Zapisnik-s-15.-sjednice-u-akademskoj-godini-2023-2024.pdf\">Zapisnik s 15. sjednice u akademskoj godini 2023-2024<\/a><\/p>\n<p><a href=\"https:\/\/vsig.hr\/web\/wp-content\/uploads\/2021\/02\/POZIV-I-DNEVNI-RED-ZA-15.-SJEDNICU-VIJECA-VELEUCILISTA-2023-2024_.pdf\">Poziv i dnevni red za 15. sjednicu 2023.-2024.<\/a><\/p>\n<hr \/>\n<p><a href=\"https:\/\/vsig.hr\/web\/wp-content\/uploads\/2021\/02\/POZIV-I-DNEVNI-RED-ZA-14.-SJEDNICU-VIJECA-VELEUCILISTA-2023-2024-1.pdf\">Poziv i dnevni red za 14. sjednicu 2023.-2024.<\/a><\/p>\n<p><a href=\"https:\/\/vsig.hr\/web\/wp-content\/uploads\/2021\/02\/Zapisnik-s-14.-sjednice-u-akademskoj-godini-2023-2024.pdf\">Zapisnik s 14. sjednice u akademskoj godini 2023-2024<\/a><\/p>\n<hr \/>\n<p><a href=\"https:\/\/vsig.hr\/web\/wp-content\/uploads\/2021\/02\/POZIV-I-DNEVNI-RED-ZA-13.-KORESPODENTNU-SJEDNICU-VIJECA-VELEUCILITA-2023-2024.pdf\">Poziv i dnevni red za 13. elektroni\u010dku\/korespondentnu sjednicu 2023.-2024.<\/a><\/p>\n<p><a href=\"https:\/\/vsig.hr\/web\/wp-content\/uploads\/2021\/02\/2.-tc.-Zapisnik-s-13.pdf\">Zapisnik s 13. sjednice 2023.-2024.<\/a><\/p>\n<hr \/>\n<p><a href=\"https:\/\/vsig.hr\/web\/wp-content\/uploads\/2021\/02\/POZIV-I-DNEVNI-RED-ZA-12.-SJEDNICU-VIJECA-VELEUCILISTA-2023-2024-1-1.pdf\">Poziv i dnevni red za 12. sjednicu 2023.-2024.<\/a><\/p>\n<p><a href=\"https:\/\/vsig.hr\/web\/wp-content\/uploads\/2021\/02\/Zapisnik-s-12.pdf\">Zapisnik s 12. sjednice 2023.-2024.<\/a><\/p>\n<hr \/>\n<p><a href=\"https:\/\/vsig.hr\/web\/wp-content\/uploads\/2021\/02\/POZIV-I-DNEVNI-RED-ZA-11.-SJEDNICU-VIJECA-VELEUCILISTA-2023-2024.pdf\">Poziv i dnevni red za 11. sjednicu 2023.\/2024.<\/a><\/p>\n<p><a href=\"https:\/\/vsig.hr\/web\/wp-content\/uploads\/2021\/02\/Zapisnik-s-11.sjednice-2023.-2024.-25.4.2024.pdf\">Zapisnik s 11.sjednice 2023.-2024. 25.4.2024<\/a><\/p>\n<p><span style=\"color: #99ccff;\">________________________________________________________________________<\/span><\/p>\n<p><a href=\"https:\/\/vsig.hr\/web\/wp-content\/uploads\/2021\/02\/POZIV-I-DNEVNI-RED-ZA-10.-SJEDNICU-VIJECA-VELEUCILISTA-2023-2024-003.pdf\">Poziv i dnevni red za 10. sjednicu 2023.\/2024.<\/a><\/p>\n<p><a href=\"https:\/\/vsig.hr\/web\/wp-content\/uploads\/2021\/02\/Zapisnik-s-10.-sjednice-u-akademskoj-godini-2023-2024-1.pdf\">Zapisnik s 10. sjednice 2023-2024.<\/a><\/p>\n<p><span style=\"color: #99ccff;\">________________________________________________________________________<\/span><\/p>\n<p><a href=\"https:\/\/vsig.hr\/web\/wp-content\/uploads\/2021\/02\/POZIV-I-DNEVNI-RED-ZA-9.-ELEKTRONICKU-SJEDNICU-VIJECA-VELEUCILISTA-2023-2024.pdf\">Poziv i dnevni red za 9. elektroni\u010dku\/korespondentnu sjednicu 2023.\/2024.<\/a><\/p>\n<p><a href=\"https:\/\/vsig.hr\/web\/wp-content\/uploads\/2021\/02\/2.-tc.-Zapisnik-s-9.-sjednice-VV-a-korespodentna.pdf\">Zaklju\u010dci s 9. elektroni\u010dku\/korespondentnu sjednice 2023.\/2024.<\/a><\/p>\n<p><span style=\"color: #99ccff;\">________________________________________________________________________<\/span><\/p>\n<p><a href=\"https:\/\/vsig.hr\/web\/wp-content\/uploads\/2021\/02\/POZIV-I-DNEVNI-RED-ZA-8.-SJEDNICU-VIJECA-VELEUCILITA-2023-2024-1.pdf\">Poziv i dnevni red za 8. sjednicu 2023.\/2024.<\/a><\/p>\n<p><a href=\"https:\/\/vsig.hr\/web\/wp-content\/uploads\/2021\/02\/Zakljucci-sa-8.-sjednice.pdf\">Zaklju\u010dci sa 8. sjednice<\/a><\/p>\n<p><span style=\"color: #99ccff;\">________________________________________________________________________<\/span><\/p>\n<p><a href=\"https:\/\/vsig.hr\/web\/wp-content\/uploads\/2021\/02\/POZIV-i-DNEVNI-RED-ZA-7.-ELEKTRONICKU-SJEDNICU-VIJECA-VELEUCILITA-2023-2024.pdf\">Poziv i dnevni red za 7. elektroni\u010dku\/korespondentnu sjednicu 2023.\/2024.<\/a><\/p>\n<p><a href=\"https:\/\/vsig.hr\/web\/wp-content\/uploads\/2021\/02\/2TZAPI1.pdf\">Zaklju\u010dci sa 7. elektroni\u010dku\/korespondentnu sjednice 2023.\/2024.<\/a><\/p>\n<p><span style=\"color: #99ccff;\">________________________________________________________________________<\/span><\/p>\n<p><a href=\"https:\/\/vsig.hr\/web\/wp-content\/uploads\/2021\/02\/Zakljucci-sa-6.-sjednice.doc\">Zaklju\u010dci sa 6. sjednice 2023.\/2024.<\/a><\/p>\n<p><a href=\"https:\/\/vsig.hr\/web\/wp-content\/uploads\/2021\/02\/POZIV-i-DNEVNI-RED-ZA-6.-SJEDNICU-VIJECA-VELEUCILITA-2023-2024.docx\">Poziv i dnevni red za 6. sjednicu 2023.\/2024.<\/a><\/p>\n<p><span style=\"color: #99ccff;\">________________________________________________________________________<\/span><\/p>\n<p><a href=\"https:\/\/vsig.hr\/web\/wp-content\/uploads\/2021\/02\/Zakljucci-sa-5.-sjednice.doc\">Zaklju\u010dci sa 5. elektroni\u010dku\/korespondentnu sjednice 2023.\/2024.<\/a><\/p>\n<p><a href=\"https:\/\/vsig.hr\/web\/wp-content\/uploads\/2021\/02\/POZIV-i-DNEVNI-RED-ZA-5.-ELEKTRONICKU-SJEDNICU-VIJECA-VELEUCILITA-2023-2024.docx\">Poziv i dnevni red za 5. elektroni\u010dku\/korespondentnu sjednicu 2023.\/2024.<\/a><\/p>\n<p>&nbsp;<\/p>\n<p>&nbsp;<\/p>\n","protected":false},"excerpt":{"rendered":"<p>Vije\u0107e Veleu\u010dili\u0161ta Ivani\u0107-Grad: doc. dr. sc. human. Mile Marin\u010di\u0107, prof. stru\u010d. stud.\u00a0 \u2013 dekan i predsjednik Vije\u0107a veleu\u010dili\u0161ta, Mark Tomaj, mag. physioth., v. pred.- \u010dlan Alen Bre\u010dek, mag. med. techn., pred.- \u010dlan Tatjana Petrinec, prof., dipl. bibl. &#8211; \u010dlanica prim. Marina Kova\u010d, dr. med., pred. &#8211; \u010dlanica Petra Krsti\u010devi\u0107, mag. phyisoth., pred.- \u010dlanica Snje\u017eana Bru\u0107i, [&hellip;]<\/p>\n","protected":false},"author":1,"featured_media":0,"comment_status":"open","ping_status":"open","sticky":false,"template":"","format":"standard","meta":{"footnotes":""},"categories":[9],"tags":[],"class_list":["post-1267","post","type-post","status-publish","format-standard","hentry","category-izbornik"],"_links":{"self":[{"href":"https:\/\/vsig.hr\/web\/wp-json\/wp\/v2\/posts\/1267","targetHints":{"allow":["GET"]}}],"collection":[{"href":"https:\/\/vsig.hr\/web\/wp-json\/wp\/v2\/posts"}],"about":[{"href":"https:\/\/vsig.hr\/web\/wp-json\/wp\/v2\/types\/post"}],"author":[{"embeddable":true,"href":"https:\/\/vsig.hr\/web\/wp-json\/wp\/v2\/users\/1"}],"replies":[{"embeddable":true,"href":"https:\/\/vsig.hr\/web\/wp-json\/wp\/v2\/comments?post=1267"}],"version-history":[{"count":51,"href":"https:\/\/vsig.hr\/web\/wp-json\/wp\/v2\/posts\/1267\/revisions"}],"predecessor-version":[{"id":8133,"href":"https:\/\/vsig.hr\/web\/wp-json\/wp\/v2\/posts\/1267\/revisions\/8133"}],"wp:attachment":[{"href":"https:\/\/vsig.hr\/web\/wp-json\/wp\/v2\/media?parent=1267"}],"wp:term":[{"taxonomy":"category","embeddable":true,"href":"https:\/\/vsig.hr\/web\/wp-json\/wp\/v2\/categories?post=1267"},{"taxonomy":"post_tag","embeddable":true,"href":"https:\/\/vsig.hr\/web\/wp-json\/wp\/v2\/tags?post=1267"}],"curies":[{"name":"wp","href":"https:\/\/api.w.org\/{rel}","templated":true}]}}