{"id":1269,"date":"2021-02-07T07:11:20","date_gmt":"2021-02-07T07:11:20","guid":{"rendered":"https:\/\/vsig.hr\/web\/?p=1269"},"modified":"2026-03-17T07:39:13","modified_gmt":"2026-03-17T07:39:13","slug":"upravno-vijece","status":"publish","type":"post","link":"https:\/\/vsig.hr\/web\/upravno-vijece\/","title":{"rendered":"Upravno vije\u0107e"},"content":{"rendered":"<p><strong>Upravno vije\u0107e Veleu\u010dili\u0161ta Ivani\u0107-Grad:<\/strong><\/p>\n<p>Josipa Ili\u0107, dipl. oec., pred. &#8211; predsjednica<\/p>\n<p>mr. sc. Tamara Mandi\u0107, dipl. oec. &#8211; \u010dlanica<\/p>\n<p>Josip \u0160ubari\u0107, dipl. physioth., v. pred. &#8211; \u010dlan<\/p>\n<p>Tatjana Petrinec, prof., dipl. bibl. &#8211; \u010dlanica<\/p>\n<p>Marina \u0160iprak, dipl. iur. &#8211; \u010dlanica<\/p>\n<p><a href=\"https:\/\/vsig.hr\/web\/wp-content\/uploads\/2021\/02\/Poslovnik-o-radu-Upravnog-vijeca-v_2-1.pdf\">Poslovnik o radu Upravnog vije\u0107a<\/a><\/p>\n<p>&nbsp;<\/p>\n<hr \/>\n<h4><span style=\"color: #000000;\"><strong><span style=\"background-color: #ffffff;\">2025. godina &#8211; Objave po ZPPI<\/span><\/strong><\/span><\/h4>\n<p>&nbsp;<\/p>\n<p><a href=\"https:\/\/vsig.hr\/web\/wp-content\/uploads\/2021\/02\/01-Poziv-i-dnevni-red-3.-sjednice-Upravnog-vijeca.pdf\">Poziv i dnevni red 3. sjednice Upravnog vije\u0107a<\/a><\/p>\n<p><a href=\"https:\/\/vsig.hr\/web\/wp-content\/uploads\/2021\/02\/02-Odluka-o-Izmjeni-plana-i-programa-zaposljavanja-za-2026.pdf\">Odluka o Izmjeni plana i programa zapo\u0161ljavanja za 2026.<\/a><\/p>\n<p><a href=\"https:\/\/vsig.hr\/web\/wp-content\/uploads\/2021\/02\/03-Zapisnik-s-3.-sjednice-Upravnog-vijeca-u-akademskoj-godini-2025-2026-NEVERIFICIRAN.pdf\">Zapisnik s 3. sjednice Upravnog vije\u0107a u akademskoj godini 2025-2026-NEVERIFICIRAN<\/a><\/p>\n<hr \/>\n<p>&nbsp;<\/p>\n<p><a href=\"https:\/\/vsig.hr\/web\/wp-content\/uploads\/2021\/02\/01-Poziv-i-dnevni-red-2.-sjednice-Upravnog-vijeca.pdf\">Poziv i dnevni red 2. sjednice Upravnog vije\u0107a<\/a><\/p>\n<p><a href=\"https:\/\/vsig.hr\/web\/wp-content\/uploads\/2021\/02\/02-Odluka-o-usvajanju-Pravilnika-o-ustrojstvu-v_6.pdf\">Odluka o usvajanju Pravilnika o ustrojstvu-v_6<\/a><\/p>\n<p><a href=\"https:\/\/vsig.hr\/web\/wp-content\/uploads\/2021\/02\/04-Zapisnik-s-2.-sjednice-Upravnog-vijeca-u-ak-god.-2025-2026-NEVERIFICIRAN.pdf\">Zapisnik s 2. sjednice Upravnog vije\u0107a u ak god. 2025-2026-NEVERIFICIRAN<\/a><\/p>\n<p>&nbsp;<\/p>\n<hr \/>\n<p><a href=\"https:\/\/vsig.hr\/web\/wp-content\/uploads\/2021\/02\/01-Poziv-i-dnevni-red-1.-sjednice-Upravnog-vijeca-1.pdf\">Poziv i dnevni red 1. sjednice Upravnog vije\u0107a<\/a><\/p>\n<p><a href=\"https:\/\/vsig.hr\/web\/wp-content\/uploads\/2021\/02\/02-Ad.-1-Zapisnik-sa-7-sjednice-Upravnog-vijeca-u-ak.-god.-2024-2025_compressed.pdf\">Zapisnik sa 7 sjednice Upravnog vije\u0107a u ak. god. 2024-2025<\/a><\/p>\n<p><a href=\"https:\/\/vsig.hr\/web\/wp-content\/uploads\/2021\/02\/03-Ad.-2-Zapisnik-s-8.-sjednice-Upravnog-vijeca-u-ak.-god.-2024-1_compressed.pdf\">Zapisnik s 8. sjednice Upravnog vije\u0107a u ak. god. 2024 (1)<\/a><\/p>\n<p><a href=\"https:\/\/vsig.hr\/web\/wp-content\/uploads\/2021\/02\/04-Ad.-3-PD-Odluka-o-visini-nacinu-i-uvjetima-placanja-skolarine-v_6_compressed.pdf\">PD &#8211; Odluka o visini, na\u010dinu i uvjetima pla\u0107anja \u0161kolarine-v_6_<\/a><\/p>\n<p><a href=\"https:\/\/vsig.hr\/web\/wp-content\/uploads\/2021\/02\/05-Ad.-4-Izvjesce-o-radu-Veleucilista-u-2024.-2025.-FI-za-2024.pdf\">Izvje\u0161\u0107e o radu Veleu\u010dili\u0161ta u 2024.-2025. FI za 2024.<\/a><\/p>\n<p><a href=\"https:\/\/vsig.hr\/05%20-%20Ad.%204%20-%20prilog%201%20-%20Izvje%C5%A1%C4%87e%20o%20radu%20za%202024..pdf\">prilog 1 &#8211; Izvje\u0161\u0107e o radu za 2024.<\/a><\/p>\n<p><a href=\"https:\/\/vsig.hr\/web\/wp-content\/uploads\/2021\/02\/05-Ad.-4-prilog-2-Financijska-izvjesca-Veleucilista-PRIH-RASHI-i-BIL_compressed.pdf\">prilog 2 &#8211; Financijska izvje\u0161\u0107a Veleu\u010dili\u0161ta-PRIH-RASHI i BIL<\/a><\/p>\n<p><a href=\"https:\/\/vsig.hr\/web\/wp-content\/uploads\/2021\/02\/05-Ad.-4-prilog-3-Biljeske-uz-financijska-izvjesca.pdf\">prilog 3 &#8211; Bilje\u0161ke uz financijska izvje\u0161\u0107a<\/a><\/p>\n<p><a href=\"https:\/\/vsig.hr\/web\/wp-content\/uploads\/2021\/02\/05-Ad.-4-prilog-4-Novcani-tijek-u-2024.xlsx\">\u00a0prilog 4 &#8211; Nov\u010dani tijek u 2024.<\/a><\/p>\n<p><a href=\"https:\/\/vsig.hr\/web\/wp-content\/uploads\/2021\/02\/05-Ad.-4-prilog-5-Realizacija-plana-u-2024._compressed-1.pdf\">prilog 5 &#8211; Realizacija plana u 2024.<\/a><\/p>\n<p><a href=\"https:\/\/vsig.hr\/web\/wp-content\/uploads\/2021\/02\/06-Ad.-5-Odluka-o-usvajanju-financijskog-plana-za-2026.-i-projekcija.pdf\">Odluka o usvajanju financijskog plana za 2026. i projekcija<\/a><\/p>\n<p><a href=\"https:\/\/vsig.hr\/web\/wp-content\/uploads\/2021\/02\/06-Ad.-5-prilog-1-Financijski-plan-za-2026.-i-projekcije-za-2027.-i-2028_compressed.pdf\">prilog 1 &#8211; Financijski plan za 2026. i projekcije za 2027. i 2028<\/a><\/p>\n<p><a href=\"https:\/\/vsig.hr\/web\/wp-content\/uploads\/2021\/02\/07-Ad.-6-Plan-i-program-zaposljavanja-za-2026.-u-2025-2026.pdf\">Plan i program zapo\u0161ljavanja za 2026. u 2025-2026<\/a><\/p>\n<p><a href=\"https:\/\/vsig.hr\/web\/wp-content\/uploads\/2021\/02\/07-AD61-2.pdf\">prilog 1 &#8211; Suglasnost VV na prijedlog plana i program zapo\u0161. za 2026.<\/a><\/p>\n<p><a href=\"https:\/\/vsig.hr\/web\/wp-content\/uploads\/2021\/02\/08-Odluka-o-visini-nacinu-i-uvjetima-placanja-skolarine-v_6_compressed.pdf\">Odluka o visini, na\u010dinu i uvjetima pla\u0107anja \u0161kolarine-v_6<\/a><\/p>\n<p>&nbsp;<\/p>\n<hr \/>\n<p><a href=\"https:\/\/vsig.hr\/web\/wp-content\/uploads\/2021\/02\/Poziv-i-dnevni-red-8.-sjednice-Upravnog-vijeca-Veleucilista-Ivanic-Grad-2024-2025-1.pdf\">Poziv i dnevni red 8. sjednice Upravnog vije\u0107a Veleu\u010dili\u0161ta Ivani\u0107-Grad 2024 &#8211; 2025<\/a><\/p>\n<p><a href=\"https:\/\/vsig.hr\/web\/wp-content\/uploads\/2021\/02\/Zapisnik-s-8.-sjednice-Upravnog-vijeca-u-akademskoj-godini-2024-2025-NEVERIFICIRAN.pdf\">Zapisnik s 8. sjednice Upravnog vije\u0107a u akademskoj godini 2024-2025<\/a><\/p>\n<p><a href=\"https:\/\/vsig.hr\/web\/wp-content\/uploads\/2021\/02\/Odluka-o-visini-naknade-vanjskih-suradnika-za-FIZIOTERAPIJU-v_7-1.pdf\">Odluka o visini naknade vanjskih suradnika za FIZIOTERAPIJU-v_7<\/a><\/p>\n<p><a href=\"https:\/\/vsig.hr\/web\/wp-content\/uploads\/2021\/02\/Odluka-o-visini-naknade-vanjskih-suradnika-za-SESTRINSTVO-v_8-1.pdf\">Odluka o visini naknade vanjskih suradnika za SESTRINSTVO-v_8<\/a><\/p>\n<p>&nbsp;<\/p>\n<hr \/>\n<p><a href=\"https:\/\/vsig.hr\/web\/wp-content\/uploads\/2021\/02\/Odluka-o-II.-Izmjeni-plana-i-programa-zaposljavanja-za-2025.pdf\">Odluka o II. Izmjeni plana i programa zapo\u0161ljavanja za 2025<\/a><\/p>\n<p><a href=\"https:\/\/vsig.hr\/web\/wp-content\/uploads\/2021\/02\/Odluka-o-visini-naknade-vanjskih-suradnika-za-FIZIOTERAPIJU-v_6.pdf\">Odluka o visini naknade vanjskih suradnika za FIZIOTERAPIJU-v_6<\/a><\/p>\n<p><a href=\"https:\/\/vsig.hr\/web\/wp-content\/uploads\/2021\/02\/Odluka-o-visini-naknade-vanjskih-suradnika-za-SESTRINSTVO-v_7.pdf\">Odluka o visini naknade vanjskih suradnika za SESTRINSTVO-v_7<\/a><\/p>\n<p><a href=\"https:\/\/vsig.hr\/web\/wp-content\/uploads\/2021\/02\/Poslovnik-o-radu-Upravnog-vijeca-v_2.pdf\">Poslovnik o radu Upravnog vije\u0107a-v_2<\/a><\/p>\n<p><a href=\"https:\/\/vsig.hr\/web\/wp-content\/uploads\/2021\/02\/Poziv-i-dnevni-red-7.-sjednice-Upravnog-vijeca-u-ak.-god.-2024-2025.pdf\">Poziv i dnevni red 7. sjednice Upravnog vije\u0107a u ak. god. 2024 &#8211; 2025.<\/a><\/p>\n<p><a href=\"https:\/\/vsig.hr\/web\/wp-content\/uploads\/2021\/02\/Pravilnik-o-ustroju-i-sistematizaciji-radnih-mjesta-v_5.pdf\">Pravilnik o ustroju i sistematizaciji radnih mjesta-v_5<\/a><\/p>\n<p><a href=\"https:\/\/vsig.hr\/web\/wp-content\/uploads\/2021\/02\/Zapisnik-sa-6.-sjednice-Upravnog-vijeca-u-ak.-godini-2024-2025.pdf\">Zapisnik sa 6. sjednice Upravnog vije\u0107a u ak. godini 2024-2025.<\/a><\/p>\n<p><a href=\"https:\/\/vsig.hr\/web\/wp-content\/uploads\/2021\/02\/Zapisnik-sa-7-sjednice-Upravnog-vijeca-NEVERIFICIRAN-1.pdf\">Zapisnik sa 7 sjednice Upravnog vije\u0107a<\/a><\/p>\n<p>&nbsp;<\/p>\n<hr \/>\n<p><a href=\"https:\/\/vsig.hr\/web\/wp-content\/uploads\/2021\/02\/01-POZ1.pdf\">01 &#8211; Poziv i dnevni red 6. sjednice Upravnog vije\u0107a Veleu\u010dili\u0161ta Ivani\u0107-Grad 2024 &#8211; 2025<\/a><\/p>\n<p><a href=\"https:\/\/vsig.hr\/web\/wp-content\/uploads\/2021\/02\/02-Ad.-1-Zapisnik-s-2-sjednice-Upravnog-vijeca-u-ak.-god.-2024-2025_compressed-1.pdf\">02 &#8211; Zapisnik s 2 sjednice Upravnog vije\u0107a u ak. god. 2024-2025<\/a><\/p>\n<p><a href=\"https:\/\/vsig.hr\/web\/wp-content\/uploads\/2021\/02\/03-Ad.-2-Zapisnik-s-3.-sjednice-Upravnog-vijeca-u-ak.-god.-2024-2025_compressed.pdf\">03 &#8211; Ad. 2 &#8211; Zapisnik s 3. sjednice Upravnog vije\u0107a u ak. god. 2024-2025<\/a><\/p>\n<p><a href=\"https:\/\/vsig.hr\/web\/wp-content\/uploads\/2021\/02\/04-Ad.-3-Zapisnik-s-4.-sjednice-Upravnog-vijeca-u-ak.-god.-2024-2025_compressed.pdf\">04 &#8211; Ad. 3 &#8211; Zapisnik s 4. sjednice Upravnog vije\u0107a u ak. god. 2024-2025_compressed<\/a><\/p>\n<p><a href=\"https:\/\/vsig.hr\/web\/wp-content\/uploads\/2021\/02\/05-Ad.-4-Zapisnik-s-5.-sjednice-Upravnog-vijeca-u-ak.-god.-2024-2025_compressed.pdf\">05 &#8211; Ad. 4 &#8211; Zapisnik s 5. sjednice Upravnog vije\u0107a u ak. god. 2024-2025_compressed<\/a><\/p>\n<p><a href=\"https:\/\/vsig.hr\/web\/wp-content\/uploads\/2021\/02\/06-AD51.pdf\">06-06 &#8211; Ad. 5 &#8211; prilog &#8211; Prethodna suglasnost Vije\u0107a Veleu\u010dili\u0161ta &#8211; Biotehnologija<\/a><\/p>\n<p><a href=\"https:\/\/vsig.hr\/web\/wp-content\/uploads\/2021\/02\/07-Ad.-5-Odluka-o-pokretanju-studijskog-programa-Biotehnologija.pdf\">07 &#8211; Ad. 5 &#8211; Odluka o pokretanju studijskog programa-Biotehnologija<\/a><\/p>\n<p><a href=\"https:\/\/vsig.hr\/web\/wp-content\/uploads\/2021\/02\/08-AD61.pdf\">08 &#8211; Ad. 6 &#8211; prilog -Prethodna suglasnost Vije\u0107a Veleu\u010dili\u0161ta-Informacijske znanosti<\/a><\/p>\n<p><a href=\"https:\/\/vsig.hr\/web\/wp-content\/uploads\/2021\/02\/09-Ad.-6-Odluka-o-pokretanju-studijskog-programa-Informacijske-znanosti.pdf\">09 &#8211; Ad. 6 &#8211; Odluka o pokretanju studijskog programa-Informacijske znanosti<\/a><\/p>\n<p><a href=\"https:\/\/vsig.hr\/web\/wp-content\/uploads\/2021\/02\/10-AD71.pdf\">10 &#8211; Ad. 7 &#8211; prilog &#8211; Prethodna suglasnost Vije\u0107a Veleu\u010dili\u0161ta-Veterinarska medicina<\/a><\/p>\n<p><a href=\"https:\/\/vsig.hr\/web\/wp-content\/uploads\/2021\/02\/11-Ad.-7-Odluka-o-pokretanju-studijskog-programa-Veterinarska-medicina.pdf\">11 &#8211; Ad. 7 &#8211; Odluka o pokretanju studijskog programa-Veterinarska medicina<\/a><\/p>\n<p><a href=\"https:\/\/vsig.hr\/web\/wp-content\/uploads\/2021\/02\/11-Ad.-7-Odluka-o-pokretanju-studijskog-programa-Veterinarska-medicina.pdf\">Ad. 7 &#8211; Odluka o pokretanju studijskog programa-Veterinarska medicina<\/a><\/p>\n<p><a href=\"https:\/\/vsig.hr\/web\/wp-content\/uploads\/2021\/02\/12-Zapisnik-sa-6.-sjednice-Upravnog-vijeca-u-ak.-godini-2024-2025.-NEVERIFICIRAN.pdf\">Zapisnik sa 6. sjednice Upravnog vije\u0107a u ak. godini 2024-2025.-NEVERIFICIRAN<\/a><\/p>\n<p>&nbsp;<\/p>\n<hr \/>\n<p><a href=\"https:\/\/vsig.hr\/web\/wp-content\/uploads\/2021\/02\/01-Poziv-i-dnevni-red-5.-sjednice-Upravnog-vijeca-Veleucilista-Ivanic-Grad-2024-1.pdf\">01 &#8211; Poziv i dnevni red 5. sjednice Upravnog vije\u0107a Veleu\u010dili\u0161ta Ivani\u0107-Grad 2024<\/a><\/p>\n<p><a href=\"https:\/\/vsig.hr\/web\/wp-content\/uploads\/2021\/02\/02-PD-Odluka-o-placanju-skolarine-za-djelatnike-suradnih-ustanova-Veleucilista.pdf\">02 &#8211; PD &#8211; Odluka o pla\u0107anju \u0161kolarine za djelatnike suradnih ustanova Veleu\u010dili\u0161ta<\/a><\/p>\n<p><a href=\"https:\/\/vsig.hr\/web\/wp-content\/uploads\/2021\/02\/03-Odluka-o-placanju-skolarine-za-djelatnike-suradnih-ustanova-Veleucilista-v_2.pdf\">03 &#8211; Odluka o pla\u0107anju \u0161kolarine za djelatnike suradnih ustanova Veleu\u010dili\u0161ta-v_2<\/a><\/p>\n<p><a href=\"https:\/\/vsig.hr\/web\/wp-content\/uploads\/2021\/02\/04-UHY-RUDAN-Uvid-u-financijske-izvjestaje-za-2024.-godinu-Veleucilita-Ivanic-Grad.pdf\">04 &#8211; UHY RUDAN-Uvid u financijske izvje\u0161taje za 2024. godinu Veleu\u010dilita Ivani\u0107-Grad<\/a><\/p>\n<p><a href=\"https:\/\/vsig.hr\/web\/wp-content\/uploads\/2021\/02\/05-Odluka-kojom-se-prima-na-znanje-Revizorski-uvid-FI-za-2024.pdf\">05 &#8211; Odluka kojom se prima na znanje Revizorski uvid FI za 2024<\/a><\/p>\n<p><a href=\"https:\/\/vsig.hr\/web\/wp-content\/uploads\/2021\/02\/06-Prethodna-suglasnost-Vijeca-Veleucilista-za-drustvene-znanosti-informacijske-znanosti.pdf\">06 &#8211; Prethodna suglasnost Vije\u0107a Veleu\u010dili\u0161ta za dru\u0161tvene znanosti informacijske znanosti<\/a><\/p>\n<p><a href=\"https:\/\/vsig.hr\/web\/wp-content\/uploads\/2021\/02\/07-Prethodna-suglasnost-Vijeca-Veleucilista-Biomedicina-i-zdrav.-Veterinarska-medicina.pdf\">07 -Prethodna suglasnost Vije\u0107a Veleu\u010dili\u0161ta &#8211; Biomedicina i zdrav. Veterinarska medicina<\/a><\/p>\n<p><a href=\"https:\/\/vsig.hr\/web\/wp-content\/uploads\/2021\/02\/08-Prethodna-suglasnost-Vijeca-Veleucilista-Biotehnologija-biotehnoloske-znanosti.pdf\">08 &#8211; Prethodna suglasnost Vije\u0107a Veleu\u010dili\u0161ta &#8211; Biotehnologija biotehnolo\u0161ke znanosti<\/a><\/p>\n<p><a href=\"https:\/\/vsig.hr\/web\/wp-content\/uploads\/2021\/02\/09-Odluka-o-pokretanju-studijskog-programa-Biotehnologija.pdf\">09 &#8211; Odluka o pokretanju studijskog programa-Biotehnologija<\/a><\/p>\n<p><a href=\"https:\/\/vsig.hr\/web\/wp-content\/uploads\/2021\/02\/10-Odluka-o-pokretanju-studijskog-programa-Informacijske-znanosti.pdf\">10 &#8211; Odluka o pokretanju studijskog programa-Informacijske znanosti<\/a><\/p>\n<p><a href=\"https:\/\/vsig.hr\/web\/wp-content\/uploads\/2021\/02\/11-Odluka-o-pokretanju-studijskog-programa-Veterinarska-medicina.pdf\">11 &#8211; Odluka o pokretanju studijskog programa-Veterinarska medicina<\/a><\/p>\n<p><a href=\"https:\/\/vsig.hr\/web\/wp-content\/uploads\/2021\/02\/05-Ad.-4-Zapisnik-s-5.-sjednice-Upravnog-vijeca-u-ak.-god.-2024-2025.pdf\">Zapisnik s 5. sjednice Upravnog vije\u0107a u ak. god. 2024-2025<\/a><\/p>\n<p>&nbsp;<\/p>\n<p>&nbsp;<\/p>\n<hr \/>\n<p><a href=\"https:\/\/vsig.hr\/web\/Statut%20Veleuc%CC%8Cilis%CC%8Cta%20Ivanic%CC%81-Grad-oz%CC%8Cujak%202025.pdf\">Statut Veleu\u010dili\u0161ta Ivani\u0107-Grad<\/a><\/p>\n<p><a href=\"https:\/\/vsig.hr\/web\/wp-content\/uploads\/2021\/02\/01-Poziv-i-dnevni-red-4.-sjednice-Upravnog-vijeca-Veleucilista-Ivanic-Grad-2024-2025.pdf\">01- Poziv i dnevni red 4. sjednice Upravnog vije\u0107a Veleu\u010dili\u0161ta Ivani\u0107-Grad 2024 &#8211; 2025<\/a><\/p>\n<p><a href=\"https:\/\/vsig.hr\/web\/wp-content\/uploads\/2021\/02\/02-Odluka-o-usvajanju-Izmjena-i-dopuna-Statuta-Veleucilista.pdf\">02- Odluka o usvajanju Izmjena i dopuna Statuta Veleu\u010dili\u0161ta<\/a><\/p>\n<p><a href=\"https:\/\/vsig.hr\/web\/wp-content\/uploads\/2021\/02\/03-Odluka-o-davanju-prethodne-suglasnosti-na-Izmjene-i-dopune-Statuta-Veleucilista-Ivanic-Grad.pdf\">03-Odluka o davanju prethodne suglasnosti na Izmjene i dopune Statuta Veleu\u010dili\u0161ta Ivani\u0107-Grad<\/a><\/p>\n<p><a href=\"https:\/\/vsig.hr\/web\/wp-content\/uploads\/2021\/02\/04-S-T-A-T-U-T-cistopis-prilog-Odluci.pdf\">04 -S T A T U T-\u010distopis-prilog Odluci<\/a><\/p>\n<p><a href=\"https:\/\/vsig.hr\/web\/wp-content\/uploads\/2021\/02\/05-Odluka-o-obavijesti-promjene-predstavnika-Veleucilista-u-Zakladi.pdf\">05- Odluka o obavijesti promjene predstavnika Veleu\u010dili\u0161ta u Zakladi<\/a><\/p>\n<p><a href=\"https:\/\/vsig.hr\/web\/wp-content\/uploads\/2021\/02\/04-Ad.-3-Zapisnik-s-4.-sjednice-Upravnog-vijeca-u-ak.-god.-2024-2025.pdf\"> Zapisnik s 4. sjednice Upravnog vije\u0107a u ak. god. 2024-2025<\/a><\/p>\n<p>&nbsp;<\/p>\n<hr \/>\n<p><a href=\"https:\/\/vsig.hr\/web\/wp-content\/uploads\/2021\/02\/Poziv-i-dnevni-red-3.-korespondentne-sjednice-Upravnog-vijeca_1.pdf\">Poziv i dnevni red 3. korespondentne sjednice Upravnog vije\u0107a_1<\/a><\/p>\n<p><a href=\"https:\/\/vsig.hr\/web\/wp-content\/uploads\/2021\/02\/Poziv-i-dnevni-red-3.-korespondentne-sjednice-Upravnog-vijeca_2.pdf\">Poziv i dnevni red 3. korespondentne sjednice Upravnog vije\u0107a_2<\/a><\/p>\n<p><a href=\"https:\/\/vsig.hr\/web\/wp-content\/uploads\/2021\/02\/03-Ad.-2-Zapisnik-s-3.-sjednice-Upravnog-vijeca-u-ak.-god.-2024-2025.pdf\">Zapisnik s 3. sjednice Upravnog vije\u0107a u ak. god. 2024-2025<\/a><\/p>\n<h4><span style=\"color: #000000;\"><strong><span style=\"background-color: #ffffff;\">2024. godina &#8211; Objave po ZPPI<\/span><\/strong><\/span><\/h4>\n<hr \/>\n<p><a href=\"https:\/\/vsig.hr\/web\/wp-content\/uploads\/2021\/02\/02-Ad.-1-Zapisnik-s-2-sjednice-Upravnog-vijeca-u-ak.-god.-2024-2025_compressed-1.pdf\">Zapisnik s 2 sjednice Upravnog vije\u0107a u ak. god. 2024-2025<\/a><\/p>\n<p><a href=\"https:\/\/vsig.hr\/web\/wp-content\/uploads\/2021\/02\/Poziv-i-dnevni-red-2-sjednice-Upravnog-vijeca-Veleucilista-Ivanic-Grad-2024-2025.pdf\">Poziv i dnevni red 2 sjednice Upravnog vije\u0107a Veleu\u010dili\u0161ta Ivani\u0107-Grad 2024-2025<\/a><\/p>\n<hr \/>\n<p><a href=\"https:\/\/vsig.hr\/web\/wp-content\/uploads\/2021\/02\/Poziv-za-1-sjednicu-Upravnog-vijeca-u-akademskoj-godini-2024-2025.pdf\">Poziv za 1 sjednicu Upravnog vije\u0107a u akademskoj godini 2024-2025<\/a><\/p>\n<p><a href=\"https:\/\/vsig.hr\/web\/wp-content\/uploads\/2021\/02\/Zapisnik-s-1-sjednice-Upravnog-vijeca-u-akademskoj-godini-2024-2025.pdf\">Zapisnik s 1 sjednice Upravnog vije\u0107a u akademskoj godini 2024-2025<\/a><\/p>\n<hr \/>\n<p><a href=\"https:\/\/vsig.hr\/web\/wp-content\/uploads\/2021\/02\/Poziv-i-dnevni-red-8.-korespondentne-sjednice-Upravnog-vijeca-Veleucilista-Ivanic-Grad-2023-2024.pdf\">Poziv i dnevni red 8. korespondentne sjednice Upravnog vije\u0107a Veleu\u010dili\u0161ta Ivani\u0107-Grad 2023 &#8211; 2024<\/a><\/p>\n<p><a href=\"https:\/\/vsig.hr\/web\/wp-content\/uploads\/2021\/02\/Zapisnik-s-8.-sjednice-Upravnog-vijeca-u-akademskoj-godini-2023-2024-NEVERIFICIRAN.pdf\">Zapisnik s 8. sjednice Upravnog vije\u0107a u akademskoj godini 2023-2024<\/a><\/p>\n<hr \/>\n<p><a href=\"https:\/\/vsig.hr\/web\/wp-content\/uploads\/2021\/02\/Poziv-s-dnevnim-redom-7.-sjednice-Upravnog-vijeca.pdf\">Poziv s dnevnim redom 7. sjednice Upravnog vije\u0107a<\/a><\/p>\n<p><a href=\"https:\/\/vsig.hr\/web\/wp-content\/uploads\/2021\/02\/Zapisnik-7.-sjednice-Upravnog-vijeca-NEVERIFICIRAN.pdf\">Zapisnik 7. sjednice Upravnog vije\u0107a<\/a><\/p>\n<hr \/>\n<p><a href=\"https:\/\/vsig.hr\/web\/wp-content\/uploads\/2021\/02\/01-Poziv-i-dnevni-red-6.-redovite-sjednice-Upravnog-Vijeca.pdf\">Poziv i dnevni red 6. redovite sjednice Upravnog Vije\u0107a<\/a><\/p>\n<p><a href=\"https:\/\/vsig.hr\/web\/wp-content\/uploads\/2021\/02\/Zapisnik-6.-sjednice-UV-u-akademskoj-godini-2023-2024.pdf\">Zapisnik 6. sjednice UV u akademskoj godini 2023-2024<\/a><\/p>\n<p><a href=\"https:\/\/vsig.hr\/web\/wp-content\/uploads\/2021\/02\/05-Odluka-o-izboru-dekana-za-razdoblje-2024-2028.pdf\">Odluka o izboru dekana za razdoblje 2024-2028<\/a><\/p>\n<hr \/>\n<p><a href=\"https:\/\/vsig.hr\/web\/wp-content\/uploads\/2021\/02\/03-Zapisnik-5.-korespondentne-sjednice-UV-u-akademskoj-godini-2023-2024-1.pdf\">Zapisnik 5. korespondentne sjednice UV u akademskoj godini 2023-2024<\/a><\/p>\n<p><a style=\"text-decoration-line: underline;\" href=\"https:\/\/vsig.hr\/web\/wp-content\/uploads\/2021\/02\/01-Poziv-na-5.-korespondentnu-sjednicu-Upravnog-vijeca.pdf\">Poziv na 5. korespondentnu sjednicu Upravnog vije\u0107a<\/a><\/p>\n<hr \/>\n<p><a href=\"https:\/\/vsig.hr\/web\/wp-content\/uploads\/2021\/02\/10-Zapisnik-4.-sjednice-Upravnog-vijeca-Veleucilista.pdf\">Zapisnik 4. sjednice Upravnog vije\u0107a Veleu\u010dili\u0161ta<\/a><\/p>\n<p><a href=\"https:\/\/vsig.hr\/web\/wp-content\/uploads\/2021\/02\/01-Poziv-i-dnevni-red-4-sjednice-Upravnog-vijeca-Veleucilista-Ivanic-Grad-2023-2024.pdf\">Poziv i dnevni red 4 sjednice Upravnog vije\u0107a Veleu\u010dili\u0161ta Ivani\u0107-Grad 2023-2024.<\/a><\/p>\n<p>&nbsp;<\/p>\n","protected":false},"excerpt":{"rendered":"<p>Upravno vije\u0107e Veleu\u010dili\u0161ta Ivani\u0107-Grad: Josipa Ili\u0107, dipl. oec., pred. &#8211; predsjednica mr. sc. Tamara Mandi\u0107, dipl. oec. &#8211; \u010dlanica Josip \u0160ubari\u0107, dipl. physioth., v. pred. &#8211; \u010dlan Tatjana Petrinec, prof., dipl. bibl. &#8211; \u010dlanica Marina \u0160iprak, dipl. iur. &#8211; \u010dlanica Poslovnik o radu Upravnog vije\u0107a &nbsp; 2025. godina &#8211; Objave po ZPPI &nbsp; Poziv i [&hellip;]<\/p>\n","protected":false},"author":1,"featured_media":0,"comment_status":"open","ping_status":"open","sticky":false,"template":"","format":"standard","meta":{"footnotes":""},"categories":[9],"tags":[],"class_list":["post-1269","post","type-post","status-publish","format-standard","hentry","category-izbornik"],"_links":{"self":[{"href":"https:\/\/vsig.hr\/web\/wp-json\/wp\/v2\/posts\/1269","targetHints":{"allow":["GET"]}}],"collection":[{"href":"https:\/\/vsig.hr\/web\/wp-json\/wp\/v2\/posts"}],"about":[{"href":"https:\/\/vsig.hr\/web\/wp-json\/wp\/v2\/types\/post"}],"author":[{"embeddable":true,"href":"https:\/\/vsig.hr\/web\/wp-json\/wp\/v2\/users\/1"}],"replies":[{"embeddable":true,"href":"https:\/\/vsig.hr\/web\/wp-json\/wp\/v2\/comments?post=1269"}],"version-history":[{"count":47,"href":"https:\/\/vsig.hr\/web\/wp-json\/wp\/v2\/posts\/1269\/revisions"}],"predecessor-version":[{"id":8956,"href":"https:\/\/vsig.hr\/web\/wp-json\/wp\/v2\/posts\/1269\/revisions\/8956"}],"wp:attachment":[{"href":"https:\/\/vsig.hr\/web\/wp-json\/wp\/v2\/media?parent=1269"}],"wp:term":[{"taxonomy":"category","embeddable":true,"href":"https:\/\/vsig.hr\/web\/wp-json\/wp\/v2\/categories?post=1269"},{"taxonomy":"post_tag","embeddable":true,"href":"https:\/\/vsig.hr\/web\/wp-json\/wp\/v2\/tags?post=1269"}],"curies":[{"name":"wp","href":"https:\/\/api.w.org\/{rel}","templated":true}]}}