{"id":1377,"date":"2021-02-18T11:14:59","date_gmt":"2021-02-18T11:14:59","guid":{"rendered":"https:\/\/vsig.hr\/web\/?p=1377"},"modified":"2026-03-10T07:09:06","modified_gmt":"2026-03-10T07:09:06","slug":"troskovi-studiranja","status":"publish","type":"post","link":"https:\/\/vsig.hr\/web\/troskovi-studiranja\/","title":{"rendered":"Tro\u0161kovi studiranja"},"content":{"rendered":"<p><img decoding=\"async\" class=\"alignnone size-full wp-image-8889\" src=\"https:\/\/vsig.hr\/web\/wp-content\/uploads\/2021\/02\/uplatnica-1773126358806.png\" alt=\"\" width=\"342\" height=\"60\" srcset=\"https:\/\/vsig.hr\/web\/wp-content\/uploads\/2021\/02\/uplatnica-1773126358806.png 342w, https:\/\/vsig.hr\/web\/wp-content\/uploads\/2021\/02\/uplatnica-1773126358806-300x53.png 300w\" sizes=\"(max-width: 342px) 100vw, 342px\" \/><\/p>\n<p>Barkod ra\u010duna Veleu\u010dili\u0161ta Ivani\u0107-Grad<\/p>\n<p><span style=\"color: #0000ff;\"><a style=\"color: #0000ff;\" href=\"https:\/\/vsig.hr\/web\/wp-content\/uploads\/2021\/02\/Primjer-uplatnice-2023.pdf\">Primjer popunjavanja uplatnice\u00a0<\/a><\/span><\/p>\n<p><span style=\"color: #0000ff;\"><a style=\"color: #0000ff;\" href=\"https:\/\/vsig.hr\/web\/wp-content\/uploads\/2021\/02\/Odluka-o-administrativnim-troskovima-1.pdf\">Odluka o administrativnim tro\u0161kovima<\/a><\/span><\/p>\n<p><span style=\"color: #0000ff;\"><a style=\"color: #0000ff;\" href=\"https:\/\/vsig.hr\/web\/wp-content\/uploads\/2021\/02\/Odluka-o-visini-nacinu-i-uvjetima-placanja-skolarina-na-Veleucilistu-v_5-1.pdf\">Odluka o visini na\u010dinu i uvjetima pla\u0107anja \u0161kolarina na Veleu\u010dilistu<\/a><\/span><\/p>\n<p><a href=\"https:\/\/vsig.hr\/web\/wp-content\/uploads\/2025\/09\/Ad.8.-Odluka-o-suradnim-ustanovama-na-koje-se-odnosi-smanjenje-skolarine.pdf\">Odluka o suradnim ustanovama na koje se odnosi smanjenje \u0161kolarine<\/a><\/p>\n<p><span style=\"color: #0000ff;\"><a style=\"color: #0000ff;\" href=\"https:\/\/vsig.hr\/web\/wp-content\/uploads\/2021\/02\/Odluka-o-visini-nacinu-i-uvjetima-placanja-skolarine-za-radnike-suradnih-ustanova-v_2.pdf\">Odluka o visini, na\u010dinu i uvjetima pla\u0107anja \u0161kolarine za radnike suradnih ustanova-v_2<\/a><\/span><\/p>\n","protected":false},"excerpt":{"rendered":"<p>Barkod ra\u010duna Veleu\u010dili\u0161ta Ivani\u0107-Grad Primjer popunjavanja uplatnice\u00a0 Odluka o administrativnim tro\u0161kovima Odluka o visini na\u010dinu i uvjetima pla\u0107anja \u0161kolarina na Veleu\u010dilistu Odluka o suradnim ustanovama na koje se odnosi smanjenje \u0161kolarine Odluka o visini, na\u010dinu i uvjetima pla\u0107anja \u0161kolarine za radnike suradnih ustanova-v_2<\/p>\n","protected":false},"author":1,"featured_media":0,"comment_status":"open","ping_status":"open","sticky":false,"template":"","format":"standard","meta":{"footnotes":""},"categories":[9],"tags":[],"class_list":["post-1377","post","type-post","status-publish","format-standard","hentry","category-izbornik"],"_links":{"self":[{"href":"https:\/\/vsig.hr\/web\/wp-json\/wp\/v2\/posts\/1377","targetHints":{"allow":["GET"]}}],"collection":[{"href":"https:\/\/vsig.hr\/web\/wp-json\/wp\/v2\/posts"}],"about":[{"href":"https:\/\/vsig.hr\/web\/wp-json\/wp\/v2\/types\/post"}],"author":[{"embeddable":true,"href":"https:\/\/vsig.hr\/web\/wp-json\/wp\/v2\/users\/1"}],"replies":[{"embeddable":true,"href":"https:\/\/vsig.hr\/web\/wp-json\/wp\/v2\/comments?post=1377"}],"version-history":[{"count":20,"href":"https:\/\/vsig.hr\/web\/wp-json\/wp\/v2\/posts\/1377\/revisions"}],"predecessor-version":[{"id":8890,"href":"https:\/\/vsig.hr\/web\/wp-json\/wp\/v2\/posts\/1377\/revisions\/8890"}],"wp:attachment":[{"href":"https:\/\/vsig.hr\/web\/wp-json\/wp\/v2\/media?parent=1377"}],"wp:term":[{"taxonomy":"category","embeddable":true,"href":"https:\/\/vsig.hr\/web\/wp-json\/wp\/v2\/categories?post=1377"},{"taxonomy":"post_tag","embeddable":true,"href":"https:\/\/vsig.hr\/web\/wp-json\/wp\/v2\/tags?post=1377"}],"curies":[{"name":"wp","href":"https:\/\/api.w.org\/{rel}","templated":true}]}}