{"id":279,"date":"2019-02-19T08:56:19","date_gmt":"2019-02-19T08:56:19","guid":{"rendered":"https:\/\/vsig.hr\/web\/2019\/02\/19\/svecano-otvorenje-visoke-skole-ivanic-grad\/"},"modified":"2019-02-19T08:56:19","modified_gmt":"2019-02-19T08:56:19","slug":"svecano-otvorenje-visoke-skole-ivanic-grad","status":"publish","type":"post","link":"https:\/\/vsig.hr\/web\/svecano-otvorenje-visoke-skole-ivanic-grad\/","title":{"rendered":"Sve\u010dano otvorenje Visoke \u0161kole Ivani\u0107-Grad"},"content":{"rendered":"<p style=\"text-align: justify;\">Iako su studenti prve generacije stru\u010dnog studija fizioterapije upravo polo\u017eili svoje prve ispite, Visoka \u0161kola Ivani\u0107-Grad 21. velja\u010de 2019. i slu\u017ebeno je otvorena. Doma\u0107ini, Gradona\u010delnik Javor Bojan Le\u0161, dekan Mile Marin\u010di\u0107 i predsjednica Upravnog vije\u0107a Tatjana Tro\u0161t Bobi\u0107 srda\u010dno su pozdravili sve cijenjene uzvanike, a posebno izaslanika Vlade RH Mate \u010ci\u010dka, pomo\u0107nika ministrice obrazovanja Momira Karina, zamjenicu \u017eupana Zagreba\u010dke \u017eupanije Nadicu \u017du\u017eak, izaslanicu gradona\u010delnika Grada Zagreba Katarinu Milkovi\u0107, dekana Veleu\u010dili\u0161ta Lavoslav Ru\u017ei\u010dka \u017deljka Sudari\u0107a te biskupa Sisa\u010dke biskupije Vladu Ko\u0161i\u0107a.<\/p>\n<p style=\"text-align: justify;\">Govornici su redom govorili o va\u017enosti osnivanja ovakve visokoobrazovne ustanove, o posebnosti partnera Visoke \u0161kole, specijalne bolnice Naftalan, te o budu\u0107nosti \u0161kole i njezinu pozicioniranju i prepoznatljivosti.<\/p>\n<p style=\"text-align: justify;\">Program otvorenja osvje\u017eili su u\u010denici Glazbenog odjela Osnovne \u0161kole Stjepana Basari\u010deka te klapa Leggero.<\/p>\n<p style=\"text-align: justify;\">Tijekom ove i sljede\u0107e godine Visoka \u0161kola djeluje pod mentorstvom Veleu\u010dili\u0161ta Lavoslava Ru\u017ei\u010dke iz Vukovara, nakon \u010dega bi se trebala osamostaliti. Vizija Visoke \u0161kole Ivani\u0107-Grad je postati elitnom visoko\u0161kolskom ustanovom prepoznatljivog imid\u017ea tr\u017ei\u0161no orijentirane organizacije koja pru\u017ea usluge vrhunske kvalitete te kvalitetnim prijenosom kompetencija stvarati stru\u010dnjake sposobne za uspje\u0161no rje\u0161avanje poslovnih izazova budu\u0107nosti, posebice u domeni fizioterapije, sestrinstva, rehabilitacije, kineziterapije, ali i informati\u010dkih tehnologija.<\/p>\n<p><img fetchpriority=\"high\" decoding=\"async\" class=\" size-full wp-image-266\" src=\"https:\/\/vsig.hr\/web\/wp-content\/uploads\/2019\/02\/DSC_8908.jpg\" alt=\"\" width=\"870\" height=\"580\" srcset=\"https:\/\/vsig.hr\/web\/wp-content\/uploads\/2019\/02\/DSC_8908.jpg 870w, https:\/\/vsig.hr\/web\/wp-content\/uploads\/2019\/02\/DSC_8908-300x200.jpg 300w, https:\/\/vsig.hr\/web\/wp-content\/uploads\/2019\/02\/DSC_8908-768x512.jpg 768w\" sizes=\"(max-width: 870px) 100vw, 870px\" \/><\/p>\n<p><img decoding=\"async\" class=\" size-full wp-image-267\" src=\"https:\/\/vsig.hr\/web\/wp-content\/uploads\/2019\/02\/DSC_8934.jpg\" alt=\"\" width=\"870\" height=\"580\" srcset=\"https:\/\/vsig.hr\/web\/wp-content\/uploads\/2019\/02\/DSC_8934.jpg 870w, https:\/\/vsig.hr\/web\/wp-content\/uploads\/2019\/02\/DSC_8934-300x200.jpg 300w, https:\/\/vsig.hr\/web\/wp-content\/uploads\/2019\/02\/DSC_8934-768x512.jpg 768w\" sizes=\"(max-width: 870px) 100vw, 870px\" \/><\/p>\n<p><img decoding=\"async\" class=\" size-full wp-image-268\" src=\"https:\/\/vsig.hr\/web\/wp-content\/uploads\/2019\/02\/DSC_8949.jpg\" alt=\"\" width=\"870\" height=\"580\" srcset=\"https:\/\/vsig.hr\/web\/wp-content\/uploads\/2019\/02\/DSC_8949.jpg 870w, https:\/\/vsig.hr\/web\/wp-content\/uploads\/2019\/02\/DSC_8949-300x200.jpg 300w, https:\/\/vsig.hr\/web\/wp-content\/uploads\/2019\/02\/DSC_8949-768x512.jpg 768w\" sizes=\"(max-width: 870px) 100vw, 870px\" \/><\/p>\n<p><img loading=\"lazy\" decoding=\"async\" class=\" size-full wp-image-269\" src=\"https:\/\/vsig.hr\/web\/wp-content\/uploads\/2019\/02\/DSC_8915.jpg\" alt=\"\" width=\"870\" height=\"580\" srcset=\"https:\/\/vsig.hr\/web\/wp-content\/uploads\/2019\/02\/DSC_8915.jpg 870w, https:\/\/vsig.hr\/web\/wp-content\/uploads\/2019\/02\/DSC_8915-300x200.jpg 300w, https:\/\/vsig.hr\/web\/wp-content\/uploads\/2019\/02\/DSC_8915-768x512.jpg 768w\" sizes=\"(max-width: 870px) 100vw, 870px\" \/><\/p>\n<p><img loading=\"lazy\" decoding=\"async\" class=\" size-full wp-image-270\" src=\"https:\/\/vsig.hr\/web\/wp-content\/uploads\/2019\/02\/DSC_8937.jpg\" alt=\"\" width=\"870\" height=\"580\" srcset=\"https:\/\/vsig.hr\/web\/wp-content\/uploads\/2019\/02\/DSC_8937.jpg 870w, https:\/\/vsig.hr\/web\/wp-content\/uploads\/2019\/02\/DSC_8937-300x200.jpg 300w, https:\/\/vsig.hr\/web\/wp-content\/uploads\/2019\/02\/DSC_8937-768x512.jpg 768w\" sizes=\"(max-width: 870px) 100vw, 870px\" \/><\/p>\n<p><img loading=\"lazy\" decoding=\"async\" class=\" size-full wp-image-271\" src=\"https:\/\/vsig.hr\/web\/wp-content\/uploads\/2019\/02\/DSC_8951.jpg\" alt=\"\" width=\"870\" height=\"580\" srcset=\"https:\/\/vsig.hr\/web\/wp-content\/uploads\/2019\/02\/DSC_8951.jpg 870w, https:\/\/vsig.hr\/web\/wp-content\/uploads\/2019\/02\/DSC_8951-300x200.jpg 300w, https:\/\/vsig.hr\/web\/wp-content\/uploads\/2019\/02\/DSC_8951-768x512.jpg 768w\" sizes=\"(max-width: 870px) 100vw, 870px\" \/><\/p>\n<p><img loading=\"lazy\" decoding=\"async\" class=\" size-full wp-image-272\" src=\"https:\/\/vsig.hr\/web\/wp-content\/uploads\/2019\/02\/DSC_8955.jpg\" alt=\"\" width=\"870\" height=\"580\" srcset=\"https:\/\/vsig.hr\/web\/wp-content\/uploads\/2019\/02\/DSC_8955.jpg 870w, https:\/\/vsig.hr\/web\/wp-content\/uploads\/2019\/02\/DSC_8955-300x200.jpg 300w, https:\/\/vsig.hr\/web\/wp-content\/uploads\/2019\/02\/DSC_8955-768x512.jpg 768w\" sizes=\"(max-width: 870px) 100vw, 870px\" \/><\/p>\n<p><img loading=\"lazy\" decoding=\"async\" class=\" size-full wp-image-273\" src=\"https:\/\/vsig.hr\/web\/wp-content\/uploads\/2019\/02\/DSC_8960.jpg\" alt=\"\" width=\"870\" height=\"580\" srcset=\"https:\/\/vsig.hr\/web\/wp-content\/uploads\/2019\/02\/DSC_8960.jpg 870w, https:\/\/vsig.hr\/web\/wp-content\/uploads\/2019\/02\/DSC_8960-300x200.jpg 300w, https:\/\/vsig.hr\/web\/wp-content\/uploads\/2019\/02\/DSC_8960-768x512.jpg 768w\" sizes=\"(max-width: 870px) 100vw, 870px\" \/><\/p>\n<p><img loading=\"lazy\" decoding=\"async\" class=\" size-full wp-image-274\" src=\"https:\/\/vsig.hr\/web\/wp-content\/uploads\/2019\/02\/DSC_8967.jpg\" alt=\"\" width=\"870\" height=\"580\" srcset=\"https:\/\/vsig.hr\/web\/wp-content\/uploads\/2019\/02\/DSC_8967.jpg 870w, https:\/\/vsig.hr\/web\/wp-content\/uploads\/2019\/02\/DSC_8967-300x200.jpg 300w, https:\/\/vsig.hr\/web\/wp-content\/uploads\/2019\/02\/DSC_8967-768x512.jpg 768w\" sizes=\"(max-width: 870px) 100vw, 870px\" \/><\/p>\n<p><img loading=\"lazy\" decoding=\"async\" class=\" size-full wp-image-275\" src=\"https:\/\/vsig.hr\/web\/wp-content\/uploads\/2019\/02\/DSC_8962.jpg\" alt=\"\" width=\"870\" height=\"580\" srcset=\"https:\/\/vsig.hr\/web\/wp-content\/uploads\/2019\/02\/DSC_8962.jpg 870w, https:\/\/vsig.hr\/web\/wp-content\/uploads\/2019\/02\/DSC_8962-300x200.jpg 300w, https:\/\/vsig.hr\/web\/wp-content\/uploads\/2019\/02\/DSC_8962-768x512.jpg 768w\" sizes=\"(max-width: 870px) 100vw, 870px\" \/><\/p>\n<p><img loading=\"lazy\" decoding=\"async\" class=\" size-full wp-image-276\" src=\"https:\/\/vsig.hr\/web\/wp-content\/uploads\/2019\/02\/DSC_8902.jpg\" alt=\"\" width=\"870\" height=\"580\" srcset=\"https:\/\/vsig.hr\/web\/wp-content\/uploads\/2019\/02\/DSC_8902.jpg 870w, https:\/\/vsig.hr\/web\/wp-content\/uploads\/2019\/02\/DSC_8902-300x200.jpg 300w, https:\/\/vsig.hr\/web\/wp-content\/uploads\/2019\/02\/DSC_8902-768x512.jpg 768w\" sizes=\"(max-width: 870px) 100vw, 870px\" \/><\/p>\n<p><img loading=\"lazy\" decoding=\"async\" class=\" size-full wp-image-277\" src=\"https:\/\/vsig.hr\/web\/wp-content\/uploads\/2019\/02\/DSC_8985.jpg\" alt=\"\" width=\"870\" height=\"580\" srcset=\"https:\/\/vsig.hr\/web\/wp-content\/uploads\/2019\/02\/DSC_8985.jpg 870w, https:\/\/vsig.hr\/web\/wp-content\/uploads\/2019\/02\/DSC_8985-300x200.jpg 300w, https:\/\/vsig.hr\/web\/wp-content\/uploads\/2019\/02\/DSC_8985-768x512.jpg 768w\" sizes=\"(max-width: 870px) 100vw, 870px\" \/><\/p>\n<p><img loading=\"lazy\" decoding=\"async\" class=\" size-full wp-image-278\" src=\"https:\/\/vsig.hr\/web\/wp-content\/uploads\/2019\/02\/DSC_8913.jpg\" alt=\"\" width=\"870\" height=\"580\" srcset=\"https:\/\/vsig.hr\/web\/wp-content\/uploads\/2019\/02\/DSC_8913.jpg 870w, https:\/\/vsig.hr\/web\/wp-content\/uploads\/2019\/02\/DSC_8913-300x200.jpg 300w, https:\/\/vsig.hr\/web\/wp-content\/uploads\/2019\/02\/DSC_8913-768x512.jpg 768w\" sizes=\"(max-width: 870px) 100vw, 870px\" \/><\/p>\n","protected":false},"excerpt":{"rendered":"<p>Iako su studenti prve generacije stru\u010dnog studija fizioterapije upravo polo\u017eili svoje prve ispite, Visoka \u0161kola Ivani\u0107-Grad 21. velja\u010de 2019. i slu\u017ebeno je otvorena. Doma\u0107ini, Gradona\u010delnik Javor Bojan Le\u0161, dekan Mile Marin\u010di\u0107 i predsjednica Upravnog vije\u0107a Tatjana Tro\u0161t Bobi\u0107 srda\u010dno su pozdravili sve cijenjene uzvanike, a posebno izaslanika Vlade RH Mate \u010ci\u010dka, pomo\u0107nika ministrice obrazovanja Momira [&hellip;]<\/p>\n","protected":false},"author":3,"featured_media":266,"comment_status":"open","ping_status":"open","sticky":false,"template":"","format":"standard","meta":{"footnotes":""},"categories":[26],"tags":[],"class_list":["post-279","post","type-post","status-publish","format-standard","has-post-thumbnail","hentry","category-novosti"],"_links":{"self":[{"href":"https:\/\/vsig.hr\/web\/wp-json\/wp\/v2\/posts\/279","targetHints":{"allow":["GET"]}}],"collection":[{"href":"https:\/\/vsig.hr\/web\/wp-json\/wp\/v2\/posts"}],"about":[{"href":"https:\/\/vsig.hr\/web\/wp-json\/wp\/v2\/types\/post"}],"author":[{"embeddable":true,"href":"https:\/\/vsig.hr\/web\/wp-json\/wp\/v2\/users\/3"}],"replies":[{"embeddable":true,"href":"https:\/\/vsig.hr\/web\/wp-json\/wp\/v2\/comments?post=279"}],"version-history":[{"count":0,"href":"https:\/\/vsig.hr\/web\/wp-json\/wp\/v2\/posts\/279\/revisions"}],"wp:featuredmedia":[{"embeddable":true,"href":"https:\/\/vsig.hr\/web\/wp-json\/wp\/v2\/media\/266"}],"wp:attachment":[{"href":"https:\/\/vsig.hr\/web\/wp-json\/wp\/v2\/media?parent=279"}],"wp:term":[{"taxonomy":"category","embeddable":true,"href":"https:\/\/vsig.hr\/web\/wp-json\/wp\/v2\/categories?post=279"},{"taxonomy":"post_tag","embeddable":true,"href":"https:\/\/vsig.hr\/web\/wp-json\/wp\/v2\/tags?post=279"}],"curies":[{"name":"wp","href":"https:\/\/api.w.org\/{rel}","templated":true}]}}