{"id":70,"date":"2018-11-08T10:36:30","date_gmt":"2018-11-08T10:36:30","guid":{"rendered":"https:\/\/vsig.hr\/web\/2018\/11\/08\/tajnistvo\/"},"modified":"2025-07-16T11:28:14","modified_gmt":"2025-07-16T11:28:14","slug":"tajnistvo","status":"publish","type":"post","link":"https:\/\/vsig.hr\/web\/tajnistvo\/","title":{"rendered":"Tajni\u0161tvo"},"content":{"rendered":"<h2>Glavni tajnik,<\/h2>\n<h2>pomo\u0107nik dekana za poslovanje i suradnju s gospodarstvom<\/h2>\n<p><img fetchpriority=\"high\" decoding=\"async\" class=\"alignnone size-medium wp-image-3013\" src=\"https:\/\/vsig.hr\/web\/wp-content\/uploads\/2021\/02\/Kralj-193x300.jpg\" alt=\"\" width=\"193\" height=\"300\" srcset=\"https:\/\/vsig.hr\/web\/wp-content\/uploads\/2021\/02\/Kralj-193x300.jpg 193w, https:\/\/vsig.hr\/web\/wp-content\/uploads\/2021\/02\/Kralj-660x1024.jpg 660w, https:\/\/vsig.hr\/web\/wp-content\/uploads\/2021\/02\/Kralj-768x1192.jpg 768w, https:\/\/vsig.hr\/web\/wp-content\/uploads\/2021\/02\/Kralj-990x1536.jpg 990w, https:\/\/vsig.hr\/web\/wp-content\/uploads\/2021\/02\/Kralj-1320x2048.jpg 1320w, https:\/\/vsig.hr\/web\/wp-content\/uploads\/2021\/02\/Kralj-150x233.jpg 150w, https:\/\/vsig.hr\/web\/wp-content\/uploads\/2021\/02\/Kralj-300x466.jpg 300w, https:\/\/vsig.hr\/web\/wp-content\/uploads\/2021\/02\/Kralj-696x1080.jpg 696w, https:\/\/vsig.hr\/web\/wp-content\/uploads\/2021\/02\/Kralj-1392x2160.jpg 1392w, https:\/\/vsig.hr\/web\/wp-content\/uploads\/2021\/02\/Kralj-1068x1658.jpg 1068w, https:\/\/vsig.hr\/web\/wp-content\/uploads\/2021\/02\/Kralj-1920x2980.jpg 1920w, https:\/\/vsig.hr\/web\/wp-content\/uploads\/2021\/02\/Kralj-scaled.jpg 1649w\" sizes=\"(max-width: 193px) 100vw, 193px\" \/><\/p>\n<p><strong>Tibor Kralj<\/strong>, dipl. iur., glavni tajnik, pomo\u0107nik dekana za poslovanje i suradnju s gospodarstvom<\/p>\n<p><strong>Telefon<\/strong>: 01\/2016-841<\/p>\n<p><strong>E-mail:\u00a0<\/strong>tajnistvo@vevig.hr<\/p>\n<p>&nbsp;<\/p>\n<h2>Voditeljica poslova Tajni\u0161tva, rada s ranjivim i podzastupljenim skupinama studenata<\/h2>\n<h2>te sustava cjelo\u017eivotnog obrazovanja<\/h2>\n<p><img decoding=\"async\" class=\"alignnone size-medium wp-image-3018\" src=\"https:\/\/vsig.hr\/web\/wp-content\/uploads\/2021\/02\/VBK-200x300.jpg\" alt=\"\" width=\"200\" height=\"300\" srcset=\"https:\/\/vsig.hr\/web\/wp-content\/uploads\/2021\/02\/VBK-200x300.jpg 200w, https:\/\/vsig.hr\/web\/wp-content\/uploads\/2021\/02\/VBK-683x1024.jpg 683w, https:\/\/vsig.hr\/web\/wp-content\/uploads\/2021\/02\/VBK-768x1152.jpg 768w, https:\/\/vsig.hr\/web\/wp-content\/uploads\/2021\/02\/VBK-150x225.jpg 150w, https:\/\/vsig.hr\/web\/wp-content\/uploads\/2021\/02\/VBK-300x450.jpg 300w, https:\/\/vsig.hr\/web\/wp-content\/uploads\/2021\/02\/VBK-696x1044.jpg 696w, https:\/\/vsig.hr\/web\/wp-content\/uploads\/2021\/02\/VBK.jpg 816w\" sizes=\"(max-width: 200px) 100vw, 200px\" \/><\/p>\n<p><strong>Vi\u0161nja Bo\u017ei\u0107 Ku\u0161ar<\/strong>, mag. prim. educ., voditeljica poslova Tajni\u0161tva, rada s ranjivim i podzastupljenim skupinama studenata<\/p>\n<p>te sustava cjelo\u017eivotnog obrazovanja<\/p>\n<p><strong>E-mail: <\/strong>administracija@vevig.hr<\/p>\n<p><strong>Rad<\/strong><strong>no vrijeme:<\/strong><\/p>\n<p>Radno vrijeme: 7:30-15:30<br \/>\nZa stranke: 10-12h<\/p>\n<p>&nbsp;<\/p>\n","protected":false},"excerpt":{"rendered":"<p>Glavni tajnik, pomo\u0107nik dekana za poslovanje i suradnju s gospodarstvom Tibor Kralj, dipl. iur., glavni tajnik, pomo\u0107nik dekana za poslovanje i suradnju s gospodarstvom Telefon: 01\/2016-841 E-mail:\u00a0tajnistvo@vevig.hr &nbsp; Voditeljica poslova Tajni\u0161tva, rada s ranjivim i podzastupljenim skupinama studenata te sustava cjelo\u017eivotnog obrazovanja Vi\u0161nja Bo\u017ei\u0107 Ku\u0161ar, mag. prim. educ., voditeljica poslova Tajni\u0161tva, rada s ranjivim i [&hellip;]<\/p>\n","protected":false},"author":1,"featured_media":0,"comment_status":"open","ping_status":"open","sticky":false,"template":"","format":"standard","meta":{"footnotes":""},"categories":[9],"tags":[],"class_list":["post-70","post","type-post","status-publish","format-standard","hentry","category-izbornik"],"_links":{"self":[{"href":"https:\/\/vsig.hr\/web\/wp-json\/wp\/v2\/posts\/70","targetHints":{"allow":["GET"]}}],"collection":[{"href":"https:\/\/vsig.hr\/web\/wp-json\/wp\/v2\/posts"}],"about":[{"href":"https:\/\/vsig.hr\/web\/wp-json\/wp\/v2\/types\/post"}],"author":[{"embeddable":true,"href":"https:\/\/vsig.hr\/web\/wp-json\/wp\/v2\/users\/1"}],"replies":[{"embeddable":true,"href":"https:\/\/vsig.hr\/web\/wp-json\/wp\/v2\/comments?post=70"}],"version-history":[{"count":13,"href":"https:\/\/vsig.hr\/web\/wp-json\/wp\/v2\/posts\/70\/revisions"}],"predecessor-version":[{"id":7765,"href":"https:\/\/vsig.hr\/web\/wp-json\/wp\/v2\/posts\/70\/revisions\/7765"}],"wp:attachment":[{"href":"https:\/\/vsig.hr\/web\/wp-json\/wp\/v2\/media?parent=70"}],"wp:term":[{"taxonomy":"category","embeddable":true,"href":"https:\/\/vsig.hr\/web\/wp-json\/wp\/v2\/categories?post=70"},{"taxonomy":"post_tag","embeddable":true,"href":"https:\/\/vsig.hr\/web\/wp-json\/wp\/v2\/tags?post=70"}],"curies":[{"name":"wp","href":"https:\/\/api.w.org\/{rel}","templated":true}]}}