{"id":71,"date":"2018-11-08T10:41:30","date_gmt":"2018-11-08T10:41:30","guid":{"rendered":"https:\/\/vsig.hr\/web\/2018\/11\/08\/studentska-sluzba\/"},"modified":"2025-07-16T11:32:40","modified_gmt":"2025-07-16T11:32:40","slug":"studentska-sluzba","status":"publish","type":"post","link":"https:\/\/vsig.hr\/web\/studentska-sluzba\/","title":{"rendered":"Studentska slu\u017eba"},"content":{"rendered":"<h2>Voditeljica Informacijsko-komunikacijskog podru\u010dja,<\/h2>\n<h2>pomo\u0107nica dekana za studente i nastavu<\/h2>\n<p><img fetchpriority=\"high\" decoding=\"async\" class=\"alignnone size-medium wp-image-3015\" src=\"https:\/\/vsig.hr\/web\/wp-content\/uploads\/2021\/02\/Petrinec-195x300.jpg\" alt=\"\" width=\"195\" height=\"300\" srcset=\"https:\/\/vsig.hr\/web\/wp-content\/uploads\/2021\/02\/Petrinec-195x300.jpg 195w, https:\/\/vsig.hr\/web\/wp-content\/uploads\/2021\/02\/Petrinec-666x1024.jpg 666w, https:\/\/vsig.hr\/web\/wp-content\/uploads\/2021\/02\/Petrinec-768x1181.jpg 768w, https:\/\/vsig.hr\/web\/wp-content\/uploads\/2021\/02\/Petrinec-999x1536.jpg 999w, https:\/\/vsig.hr\/web\/wp-content\/uploads\/2021\/02\/Petrinec-1332x2048.jpg 1332w, https:\/\/vsig.hr\/web\/wp-content\/uploads\/2021\/02\/Petrinec-150x231.jpg 150w, https:\/\/vsig.hr\/web\/wp-content\/uploads\/2021\/02\/Petrinec-300x461.jpg 300w, https:\/\/vsig.hr\/web\/wp-content\/uploads\/2021\/02\/Petrinec-696x1070.jpg 696w, https:\/\/vsig.hr\/web\/wp-content\/uploads\/2021\/02\/Petrinec-1392x2140.jpg 1392w, https:\/\/vsig.hr\/web\/wp-content\/uploads\/2021\/02\/Petrinec-1068x1642.jpg 1068w, https:\/\/vsig.hr\/web\/wp-content\/uploads\/2021\/02\/Petrinec-1920x2952.jpg 1920w, https:\/\/vsig.hr\/web\/wp-content\/uploads\/2021\/02\/Petrinec-scaled.jpg 1665w\" sizes=\"(max-width: 195px) 100vw, 195px\" \/><\/p>\n<p><strong>Tatjana Petrinec<\/strong>, prof., dipl. bibl., voditeljica Informacijsko-komunikacijskog podru\u010dja, pomo\u0107nica dekana za studente i nastavu<\/p>\n<p>Ulica slobode 37, 10310 Ivani\u0107-Grad<\/p>\n<p><strong>Telefon:<\/strong> 01\/2016-845<br \/>\n<strong>E-mail:\u00a0<\/strong> <a href=\"mailto:referada@vsig.hr\">tpetrinec@vevig.hr<br \/>\n<\/a><\/p>\n<ul>\n<li>Radno vrijeme: 7:00-15:00<\/li>\n<li>Za studente: 8:00-11:00<\/li>\n<\/ul>\n<h2><\/h2>\n<h2>Referent za studentske poslove<\/h2>\n<p><strong>Telefon:<\/strong> 01\/2016-840<br \/>\n<strong>E-mail:\u00a0<\/strong> <a href=\"mailto:referada@vsig.hr\">referada@vevig.hr<br \/>\n<\/a><\/p>\n<ul>\n<li>Radno vrijeme: 8:00-16:00<\/li>\n<\/ul>\n","protected":false},"excerpt":{"rendered":"<p>Voditeljica Informacijsko-komunikacijskog podru\u010dja, pomo\u0107nica dekana za studente i nastavu Tatjana Petrinec, prof., dipl. bibl., voditeljica Informacijsko-komunikacijskog podru\u010dja, pomo\u0107nica dekana za studente i nastavu Ulica slobode 37, 10310 Ivani\u0107-Grad Telefon: 01\/2016-845 E-mail:\u00a0 tpetrinec@vevig.hr Radno vrijeme: 7:00-15:00 Za studente: 8:00-11:00 Referent za studentske poslove Telefon: 01\/2016-840 E-mail:\u00a0 referada@vevig.hr Radno vrijeme: 8:00-16:00<\/p>\n","protected":false},"author":1,"featured_media":0,"comment_status":"open","ping_status":"open","sticky":false,"template":"","format":"standard","meta":{"footnotes":""},"categories":[9],"tags":[],"class_list":["post-71","post","type-post","status-publish","format-standard","hentry","category-izbornik"],"_links":{"self":[{"href":"https:\/\/vsig.hr\/web\/wp-json\/wp\/v2\/posts\/71","targetHints":{"allow":["GET"]}}],"collection":[{"href":"https:\/\/vsig.hr\/web\/wp-json\/wp\/v2\/posts"}],"about":[{"href":"https:\/\/vsig.hr\/web\/wp-json\/wp\/v2\/types\/post"}],"author":[{"embeddable":true,"href":"https:\/\/vsig.hr\/web\/wp-json\/wp\/v2\/users\/1"}],"replies":[{"embeddable":true,"href":"https:\/\/vsig.hr\/web\/wp-json\/wp\/v2\/comments?post=71"}],"version-history":[{"count":8,"href":"https:\/\/vsig.hr\/web\/wp-json\/wp\/v2\/posts\/71\/revisions"}],"predecessor-version":[{"id":7767,"href":"https:\/\/vsig.hr\/web\/wp-json\/wp\/v2\/posts\/71\/revisions\/7767"}],"wp:attachment":[{"href":"https:\/\/vsig.hr\/web\/wp-json\/wp\/v2\/media?parent=71"}],"wp:term":[{"taxonomy":"category","embeddable":true,"href":"https:\/\/vsig.hr\/web\/wp-json\/wp\/v2\/categories?post=71"},{"taxonomy":"post_tag","embeddable":true,"href":"https:\/\/vsig.hr\/web\/wp-json\/wp\/v2\/tags?post=71"}],"curies":[{"name":"wp","href":"https:\/\/api.w.org\/{rel}","templated":true}]}}