{"id":8337,"date":"2025-11-17T12:57:06","date_gmt":"2025-11-17T12:57:06","guid":{"rendered":"https:\/\/vsig.hr\/web\/?p=8337"},"modified":"2025-11-18T15:45:56","modified_gmt":"2025-11-18T15:45:56","slug":"obiljezen-svjetski-dan-secerne-bolesti-14-11","status":"publish","type":"post","link":"https:\/\/vsig.hr\/web\/obiljezen-svjetski-dan-secerne-bolesti-14-11\/","title":{"rendered":"Obilje\u017een Svjetski dan \u0161e\u0107erne bolesti 14.11."},"content":{"rendered":"<p>Dana 14.11.2025. povodom Svjetskog dana \u0161e\u0107erne bolesti Veleu\u010dili\u0161te Ivani\u0107-Grad, u sklopu cjelo\u017eivotnog obrazovanja, organiziralo je u suradnji s Restoranom Fratellos zdravstvenu akciju mjerenje \u0161e\u0107era, krvnog tlaka i mjerenja jakosti \u0161ake.<\/p>\n<p>Mjerenje su se provodili nastavnici i studenti Veleu\u010dili\u0161ta Ivani\u0107-Grad: stru\u010dnog prijediplomskog studija Sestrinstva te stru\u010dnog diplomskog studija Protetika, ortotika i robotika u fizioterapiji\u00a0 u periodu od 10:30 do 11:30sati te od 14:00 do 16:00h na terasi Restorana Fratellos.<\/p>\n<p>Osim mjerenja, gra\u0111anima je ponu\u0111en i igra Rulet zdravih navika gdje su gra\u0111ani mogli dobiti savjet o \u0161e\u0107ernoj bolesti i\u00a0 njenoj prevenciji ili osvojiti zdravi \u010daj Restorana Fratellos.<\/p>\n<p>Veleu\u010dili\u0161te je zadovoljno provedenom akcijom jer se u kratkom vremenu akciji odazvalo oko\u00a0 osamdesetak gra\u0111ana.<\/p>\n<p>Zahvaljujemo svim gra\u0111anima, studentima i nastavnicima i nositeljima aktivnosti Dejanu Eldi\u0107u, mag. cin., pred., Marini Vitkovi\u0107, mag. med. techn., pred., Mireli Cepeti\u0107, mag. med. techn. i Vi\u0161nji Bo\u017ei\u0107 Ku\u0161ar, mag. prin. educ.<\/p>\n<p>Vidimo se na sljede\u0107oj sli\u010dnoj akciji!<\/p>\n<p>Vi\u0161e pogledajte <span style=\"color: #000080;\"><a style=\"color: #000080;\" href=\"https:\/\/www.facebook.com\/reel\/1357012495830085\">ovdje<\/a><\/span>.<\/p>\n<div id='gallery-1' class='gallery galleryid-8337 gallery-columns-3 gallery-size-medium'><figure class='gallery-item'>\n\t\t\t<div class='gallery-icon portrait'>\n\t\t\t\t<a href='https:\/\/vsig.hr\/web\/obiljezen-svjetski-dan-secerne-bolesti-14-11\/2-5\/'><img fetchpriority=\"high\" decoding=\"async\" width=\"225\" height=\"300\" src=\"https:\/\/vsig.hr\/web\/wp-content\/uploads\/2025\/11\/2-225x300.jpg\" class=\"attachment-medium size-medium\" alt=\"\" srcset=\"https:\/\/vsig.hr\/web\/wp-content\/uploads\/2025\/11\/2-225x300.jpg 225w, https:\/\/vsig.hr\/web\/wp-content\/uploads\/2025\/11\/2.jpg 678w\" sizes=\"(max-width: 225px) 100vw, 225px\" \/><\/a>\n\t\t\t<\/div><\/figure><figure class='gallery-item'>\n\t\t\t<div class='gallery-icon portrait'>\n\t\t\t\t<a href='https:\/\/vsig.hr\/web\/obiljezen-svjetski-dan-secerne-bolesti-14-11\/3-10\/'><img decoding=\"async\" width=\"226\" height=\"300\" src=\"https:\/\/vsig.hr\/web\/wp-content\/uploads\/2025\/11\/3-226x300.jpg\" class=\"attachment-medium size-medium\" alt=\"\" aria-describedby=\"gallery-1-8347\" srcset=\"https:\/\/vsig.hr\/web\/wp-content\/uploads\/2025\/11\/3-226x300.jpg 226w, https:\/\/vsig.hr\/web\/wp-content\/uploads\/2025\/11\/3.jpg 680w\" sizes=\"(max-width: 226px) 100vw, 226px\" \/><\/a>\n\t\t\t<\/div>\n\t\t\t\t<figcaption class='wp-caption-text gallery-caption' id='gallery-1-8347'>\n\t\t\t\tMjerenje tlaka\n\t\t\t\t<\/figcaption><\/figure><figure class='gallery-item'>\n\t\t\t<div class='gallery-icon portrait'>\n\t\t\t\t<a href='https:\/\/vsig.hr\/web\/obiljezen-svjetski-dan-secerne-bolesti-14-11\/4-6\/'><img decoding=\"async\" width=\"222\" height=\"300\" src=\"https:\/\/vsig.hr\/web\/wp-content\/uploads\/2025\/11\/4-222x300.jpg\" class=\"attachment-medium size-medium\" alt=\"\" aria-describedby=\"gallery-1-8348\" srcset=\"https:\/\/vsig.hr\/web\/wp-content\/uploads\/2025\/11\/4-222x300.jpg 222w, https:\/\/vsig.hr\/web\/wp-content\/uploads\/2025\/11\/4.jpg 678w\" sizes=\"(max-width: 222px) 100vw, 222px\" \/><\/a>\n\t\t\t<\/div>\n\t\t\t\t<figcaption class='wp-caption-text gallery-caption' id='gallery-1-8348'>\n\t\t\t\tMjerenje obujma struka\n\t\t\t\t<\/figcaption><\/figure><figure class='gallery-item'>\n\t\t\t<div class='gallery-icon portrait'>\n\t\t\t\t<a href='https:\/\/vsig.hr\/web\/obiljezen-svjetski-dan-secerne-bolesti-14-11\/attachment\/20\/'><img loading=\"lazy\" decoding=\"async\" width=\"226\" height=\"300\" src=\"https:\/\/vsig.hr\/web\/wp-content\/uploads\/2025\/11\/20-226x300.jpg\" class=\"attachment-medium size-medium\" alt=\"\" aria-describedby=\"gallery-1-8364\" srcset=\"https:\/\/vsig.hr\/web\/wp-content\/uploads\/2025\/11\/20-226x300.jpg 226w, https:\/\/vsig.hr\/web\/wp-content\/uploads\/2025\/11\/20.jpg 682w\" sizes=\"(max-width: 226px) 100vw, 226px\" \/><\/a>\n\t\t\t<\/div>\n\t\t\t\t<figcaption class='wp-caption-text gallery-caption' id='gallery-1-8364'>\n\t\t\t\tMjerenje jakosti \u0161ake\n\t\t\t\t<\/figcaption><\/figure><figure class='gallery-item'>\n\t\t\t<div class='gallery-icon portrait'>\n\t\t\t\t<a href='https:\/\/vsig.hr\/web\/obiljezen-svjetski-dan-secerne-bolesti-14-11\/15-3\/'><img loading=\"lazy\" decoding=\"async\" width=\"225\" height=\"300\" src=\"https:\/\/vsig.hr\/web\/wp-content\/uploads\/2025\/11\/15-225x300.jpg\" class=\"attachment-medium size-medium\" alt=\"\" aria-describedby=\"gallery-1-8359\" srcset=\"https:\/\/vsig.hr\/web\/wp-content\/uploads\/2025\/11\/15-225x300.jpg 225w, https:\/\/vsig.hr\/web\/wp-content\/uploads\/2025\/11\/15.jpg 683w\" sizes=\"(max-width: 225px) 100vw, 225px\" \/><\/a>\n\t\t\t<\/div>\n\t\t\t\t<figcaption class='wp-caption-text gallery-caption' id='gallery-1-8359'>\n\t\t\t\tMjerenje \u0161e\u0107era\n\t\t\t\t<\/figcaption><\/figure><figure class='gallery-item'>\n\t\t\t<div class='gallery-icon portrait'>\n\t\t\t\t<a href='https:\/\/vsig.hr\/web\/obiljezen-svjetski-dan-secerne-bolesti-14-11\/5-7\/'><img loading=\"lazy\" decoding=\"async\" width=\"224\" height=\"300\" src=\"https:\/\/vsig.hr\/web\/wp-content\/uploads\/2025\/11\/5-224x300.jpg\" class=\"attachment-medium size-medium\" alt=\"\" aria-describedby=\"gallery-1-8349\" srcset=\"https:\/\/vsig.hr\/web\/wp-content\/uploads\/2025\/11\/5-224x300.jpg 224w, https:\/\/vsig.hr\/web\/wp-content\/uploads\/2025\/11\/5.jpg 677w\" sizes=\"(max-width: 224px) 100vw, 224px\" \/><\/a>\n\t\t\t<\/div>\n\t\t\t\t<figcaption class='wp-caption-text gallery-caption' id='gallery-1-8349'>\n\t\t\t\tInformativni upitnik\n\t\t\t\t<\/figcaption><\/figure><figure class='gallery-item'>\n\t\t\t<div class='gallery-icon portrait'>\n\t\t\t\t<a href='https:\/\/vsig.hr\/web\/obiljezen-svjetski-dan-secerne-bolesti-14-11\/14-4\/'><img loading=\"lazy\" decoding=\"async\" width=\"225\" height=\"300\" src=\"https:\/\/vsig.hr\/web\/wp-content\/uploads\/2025\/11\/14-225x300.jpg\" class=\"attachment-medium size-medium\" alt=\"\" aria-describedby=\"gallery-1-8358\" srcset=\"https:\/\/vsig.hr\/web\/wp-content\/uploads\/2025\/11\/14-225x300.jpg 225w, https:\/\/vsig.hr\/web\/wp-content\/uploads\/2025\/11\/14.jpg 677w\" sizes=\"(max-width: 225px) 100vw, 225px\" \/><\/a>\n\t\t\t<\/div>\n\t\t\t\t<figcaption class='wp-caption-text gallery-caption' id='gallery-1-8358'>\n\t\t\t\tVeleu\u010dili\u0161te Ivani\u0107-Grad\n\t\t\t\t<\/figcaption><\/figure><figure class='gallery-item'>\n\t\t\t<div class='gallery-icon portrait'>\n\t\t\t\t<a href='https:\/\/vsig.hr\/web\/obiljezen-svjetski-dan-secerne-bolesti-14-11\/6-5\/'><img loading=\"lazy\" decoding=\"async\" width=\"224\" height=\"300\" src=\"https:\/\/vsig.hr\/web\/wp-content\/uploads\/2025\/11\/6-224x300.jpg\" class=\"attachment-medium size-medium\" alt=\"\" aria-describedby=\"gallery-1-8350\" srcset=\"https:\/\/vsig.hr\/web\/wp-content\/uploads\/2025\/11\/6-224x300.jpg 224w, https:\/\/vsig.hr\/web\/wp-content\/uploads\/2025\/11\/6.jpg 677w\" sizes=\"(max-width: 224px) 100vw, 224px\" \/><\/a>\n\t\t\t<\/div>\n\t\t\t\t<figcaption class='wp-caption-text gallery-caption' id='gallery-1-8350'>\n\t\t\t\tNastavnice Mirela i Marina\n\t\t\t\t<\/figcaption><\/figure><figure class='gallery-item'>\n\t\t\t<div class='gallery-icon landscape'>\n\t\t\t\t<a href='https:\/\/vsig.hr\/web\/obiljezen-svjetski-dan-secerne-bolesti-14-11\/7-4\/'><img loading=\"lazy\" decoding=\"async\" width=\"300\" height=\"211\" src=\"https:\/\/vsig.hr\/web\/wp-content\/uploads\/2025\/11\/7-300x211.jpg\" class=\"attachment-medium size-medium\" alt=\"\" aria-describedby=\"gallery-1-8351\" srcset=\"https:\/\/vsig.hr\/web\/wp-content\/uploads\/2025\/11\/7-300x211.jpg 300w, https:\/\/vsig.hr\/web\/wp-content\/uploads\/2025\/11\/7-1024x719.jpg 1024w, https:\/\/vsig.hr\/web\/wp-content\/uploads\/2025\/11\/7-768x539.jpg 768w, https:\/\/vsig.hr\/web\/wp-content\/uploads\/2025\/11\/7.jpg 1211w\" sizes=\"(max-width: 300px) 100vw, 300px\" \/><\/a>\n\t\t\t<\/div>\n\t\t\t\t<figcaption class='wp-caption-text gallery-caption' id='gallery-1-8351'>\n\t\t\t\tStudenti stru\u010dnog diplomskog studija Protetike, ortotika i robotika u fizioterapiji\n\t\t\t\t<\/figcaption><\/figure><figure class='gallery-item'>\n\t\t\t<div class='gallery-icon portrait'>\n\t\t\t\t<a href='https:\/\/vsig.hr\/web\/obiljezen-svjetski-dan-secerne-bolesti-14-11\/9-6\/'><img loading=\"lazy\" decoding=\"async\" width=\"223\" height=\"300\" src=\"https:\/\/vsig.hr\/web\/wp-content\/uploads\/2025\/11\/9-223x300.jpg\" class=\"attachment-medium size-medium\" alt=\"\" aria-describedby=\"gallery-1-8353\" srcset=\"https:\/\/vsig.hr\/web\/wp-content\/uploads\/2025\/11\/9-223x300.jpg 223w, https:\/\/vsig.hr\/web\/wp-content\/uploads\/2025\/11\/9.jpg 675w\" sizes=\"(max-width: 223px) 100vw, 223px\" \/><\/a>\n\t\t\t<\/div>\n\t\t\t\t<figcaption class='wp-caption-text gallery-caption' id='gallery-1-8353'>\n\t\t\t\tInformativni upitnik\n\t\t\t\t<\/figcaption><\/figure><figure class='gallery-item'>\n\t\t\t<div class='gallery-icon portrait'>\n\t\t\t\t<a href='https:\/\/vsig.hr\/web\/obiljezen-svjetski-dan-secerne-bolesti-14-11\/10-5\/'><img loading=\"lazy\" decoding=\"async\" width=\"225\" height=\"300\" src=\"https:\/\/vsig.hr\/web\/wp-content\/uploads\/2025\/11\/10-225x300.jpg\" class=\"attachment-medium size-medium\" alt=\"\" aria-describedby=\"gallery-1-8354\" srcset=\"https:\/\/vsig.hr\/web\/wp-content\/uploads\/2025\/11\/10-225x300.jpg 225w, https:\/\/vsig.hr\/web\/wp-content\/uploads\/2025\/11\/10.jpg 678w\" sizes=\"(max-width: 225px) 100vw, 225px\" \/><\/a>\n\t\t\t<\/div>\n\t\t\t\t<figcaption class='wp-caption-text gallery-caption' id='gallery-1-8354'>\n\t\t\t\tVeleu\u010dili\u0161te Ivani\u0107-Grad\n\t\t\t\t<\/figcaption><\/figure><figure class='gallery-item'>\n\t\t\t<div class='gallery-icon portrait'>\n\t\t\t\t<a href='https:\/\/vsig.hr\/web\/obiljezen-svjetski-dan-secerne-bolesti-14-11\/11-5\/'><img loading=\"lazy\" decoding=\"async\" width=\"224\" height=\"300\" src=\"https:\/\/vsig.hr\/web\/wp-content\/uploads\/2025\/11\/11-224x300.jpg\" class=\"attachment-medium size-medium\" alt=\"\" srcset=\"https:\/\/vsig.hr\/web\/wp-content\/uploads\/2025\/11\/11-224x300.jpg 224w, https:\/\/vsig.hr\/web\/wp-content\/uploads\/2025\/11\/11.jpg 677w\" sizes=\"(max-width: 224px) 100vw, 224px\" \/><\/a>\n\t\t\t<\/div><\/figure><figure class='gallery-item'>\n\t\t\t<div class='gallery-icon portrait'>\n\t\t\t\t<a href='https:\/\/vsig.hr\/web\/obiljezen-svjetski-dan-secerne-bolesti-14-11\/12-2\/'><img loading=\"lazy\" decoding=\"async\" width=\"225\" height=\"300\" src=\"https:\/\/vsig.hr\/web\/wp-content\/uploads\/2025\/11\/12-225x300.jpg\" class=\"attachment-medium size-medium\" alt=\"\" srcset=\"https:\/\/vsig.hr\/web\/wp-content\/uploads\/2025\/11\/12-225x300.jpg 225w, https:\/\/vsig.hr\/web\/wp-content\/uploads\/2025\/11\/12.jpg 679w\" sizes=\"(max-width: 225px) 100vw, 225px\" \/><\/a>\n\t\t\t<\/div><\/figure><figure class='gallery-item'>\n\t\t\t<div class='gallery-icon portrait'>\n\t\t\t\t<a href='https:\/\/vsig.hr\/web\/obiljezen-svjetski-dan-secerne-bolesti-14-11\/13-4\/'><img loading=\"lazy\" decoding=\"async\" width=\"224\" height=\"300\" src=\"https:\/\/vsig.hr\/web\/wp-content\/uploads\/2025\/11\/13-224x300.jpg\" class=\"attachment-medium size-medium\" alt=\"\" srcset=\"https:\/\/vsig.hr\/web\/wp-content\/uploads\/2025\/11\/13-224x300.jpg 224w, https:\/\/vsig.hr\/web\/wp-content\/uploads\/2025\/11\/13.jpg 677w\" sizes=\"(max-width: 224px) 100vw, 224px\" \/><\/a>\n\t\t\t<\/div><\/figure><figure class='gallery-item'>\n\t\t\t<div class='gallery-icon portrait'>\n\t\t\t\t<a href='https:\/\/vsig.hr\/web\/obiljezen-svjetski-dan-secerne-bolesti-14-11\/17-2\/'><img loading=\"lazy\" decoding=\"async\" width=\"226\" height=\"300\" src=\"https:\/\/vsig.hr\/web\/wp-content\/uploads\/2025\/11\/17-226x300.jpg\" class=\"attachment-medium size-medium\" alt=\"\" srcset=\"https:\/\/vsig.hr\/web\/wp-content\/uploads\/2025\/11\/17-226x300.jpg 226w, https:\/\/vsig.hr\/web\/wp-content\/uploads\/2025\/11\/17.jpg 681w\" sizes=\"(max-width: 226px) 100vw, 226px\" \/><\/a>\n\t\t\t<\/div><\/figure><figure class='gallery-item'>\n\t\t\t<div class='gallery-icon landscape'>\n\t\t\t\t<a href='https:\/\/vsig.hr\/web\/obiljezen-svjetski-dan-secerne-bolesti-14-11\/8-6\/'><img loading=\"lazy\" decoding=\"async\" width=\"300\" height=\"211\" src=\"https:\/\/vsig.hr\/web\/wp-content\/uploads\/2025\/11\/8-300x211.jpg\" class=\"attachment-medium size-medium\" alt=\"\" srcset=\"https:\/\/vsig.hr\/web\/wp-content\/uploads\/2025\/11\/8-300x211.jpg 300w, https:\/\/vsig.hr\/web\/wp-content\/uploads\/2025\/11\/8-1024x721.jpg 1024w, https:\/\/vsig.hr\/web\/wp-content\/uploads\/2025\/11\/8-768x541.jpg 768w, https:\/\/vsig.hr\/web\/wp-content\/uploads\/2025\/11\/8.jpg 1219w\" sizes=\"(max-width: 300px) 100vw, 300px\" \/><\/a>\n\t\t\t<\/div><\/figure><figure class='gallery-item'>\n\t\t\t<div class='gallery-icon portrait'>\n\t\t\t\t<a href='https:\/\/vsig.hr\/web\/obiljezen-svjetski-dan-secerne-bolesti-14-11\/18-3\/'><img loading=\"lazy\" decoding=\"async\" width=\"224\" height=\"300\" src=\"https:\/\/vsig.hr\/web\/wp-content\/uploads\/2025\/11\/18-224x300.jpg\" class=\"attachment-medium size-medium\" alt=\"\" srcset=\"https:\/\/vsig.hr\/web\/wp-content\/uploads\/2025\/11\/18-224x300.jpg 224w, https:\/\/vsig.hr\/web\/wp-content\/uploads\/2025\/11\/18.jpg 677w\" sizes=\"(max-width: 224px) 100vw, 224px\" \/><\/a>\n\t\t\t<\/div><\/figure><figure class='gallery-item'>\n\t\t\t<div class='gallery-icon portrait'>\n\t\t\t\t<a href='https:\/\/vsig.hr\/web\/obiljezen-svjetski-dan-secerne-bolesti-14-11\/19-2\/'><img loading=\"lazy\" decoding=\"async\" width=\"225\" height=\"300\" src=\"https:\/\/vsig.hr\/web\/wp-content\/uploads\/2025\/11\/19-225x300.jpg\" class=\"attachment-medium size-medium\" alt=\"\" srcset=\"https:\/\/vsig.hr\/web\/wp-content\/uploads\/2025\/11\/19-225x300.jpg 225w, https:\/\/vsig.hr\/web\/wp-content\/uploads\/2025\/11\/19.jpg 679w\" sizes=\"(max-width: 225px) 100vw, 225px\" \/><\/a>\n\t\t\t<\/div><\/figure><figure class='gallery-item'>\n\t\t\t<div class='gallery-icon portrait'>\n\t\t\t\t<a href='https:\/\/vsig.hr\/web\/obiljezen-svjetski-dan-secerne-bolesti-14-11\/16-2\/'><img loading=\"lazy\" decoding=\"async\" width=\"225\" height=\"300\" src=\"https:\/\/vsig.hr\/web\/wp-content\/uploads\/2025\/11\/16-225x300.jpg\" class=\"attachment-medium size-medium\" alt=\"\" srcset=\"https:\/\/vsig.hr\/web\/wp-content\/uploads\/2025\/11\/16-225x300.jpg 225w, https:\/\/vsig.hr\/web\/wp-content\/uploads\/2025\/11\/16.jpg 679w\" sizes=\"(max-width: 225px) 100vw, 225px\" \/><\/a>\n\t\t\t<\/div><\/figure><figure class='gallery-item'>\n\t\t\t<div class='gallery-icon portrait'>\n\t\t\t\t<a href='https:\/\/vsig.hr\/web\/obiljezen-svjetski-dan-secerne-bolesti-14-11\/21-3\/'><img loading=\"lazy\" decoding=\"async\" width=\"224\" height=\"300\" src=\"https:\/\/vsig.hr\/web\/wp-content\/uploads\/2025\/11\/21-224x300.jpg\" class=\"attachment-medium size-medium\" alt=\"\" srcset=\"https:\/\/vsig.hr\/web\/wp-content\/uploads\/2025\/11\/21-224x300.jpg 224w, https:\/\/vsig.hr\/web\/wp-content\/uploads\/2025\/11\/21.jpg 680w\" sizes=\"(max-width: 224px) 100vw, 224px\" \/><\/a>\n\t\t\t<\/div><\/figure><figure class='gallery-item'>\n\t\t\t<div class='gallery-icon portrait'>\n\t\t\t\t<a href='https:\/\/vsig.hr\/web\/obiljezen-svjetski-dan-secerne-bolesti-14-11\/22-2\/'><img loading=\"lazy\" decoding=\"async\" width=\"226\" height=\"300\" src=\"https:\/\/vsig.hr\/web\/wp-content\/uploads\/2025\/11\/22-226x300.jpg\" class=\"attachment-medium size-medium\" alt=\"\" srcset=\"https:\/\/vsig.hr\/web\/wp-content\/uploads\/2025\/11\/22-226x300.jpg 226w, https:\/\/vsig.hr\/web\/wp-content\/uploads\/2025\/11\/22.jpg 681w\" sizes=\"(max-width: 226px) 100vw, 226px\" \/><\/a>\n\t\t\t<\/div><\/figure><figure class='gallery-item'>\n\t\t\t<div class='gallery-icon portrait'>\n\t\t\t\t<a href='https:\/\/vsig.hr\/web\/obiljezen-svjetski-dan-secerne-bolesti-14-11\/1-12\/'><img loading=\"lazy\" decoding=\"async\" width=\"224\" height=\"300\" src=\"https:\/\/vsig.hr\/web\/wp-content\/uploads\/2025\/11\/1-224x300.jpg\" class=\"attachment-medium size-medium\" alt=\"\" srcset=\"https:\/\/vsig.hr\/web\/wp-content\/uploads\/2025\/11\/1-224x300.jpg 224w, https:\/\/vsig.hr\/web\/wp-content\/uploads\/2025\/11\/1.jpg 680w\" sizes=\"(max-width: 224px) 100vw, 224px\" \/><\/a>\n\t\t\t<\/div><\/figure>\n\t\t<\/div>\n\n<p>&nbsp;<\/p>\n","protected":false},"excerpt":{"rendered":"<p>Dana 14.11.2025. povodom Svjetskog dana \u0161e\u0107erne bolesti Veleu\u010dili\u0161te Ivani\u0107-Grad, u sklopu cjelo\u017eivotnog obrazovanja, organiziralo je u suradnji s Restoranom Fratellos zdravstvenu akciju mjerenje \u0161e\u0107era, krvnog tlaka i mjerenja jakosti \u0161ake. Mjerenje su se provodili nastavnici i studenti Veleu\u010dili\u0161ta Ivani\u0107-Grad: stru\u010dnog prijediplomskog studija Sestrinstva te stru\u010dnog diplomskog studija Protetika, ortotika i robotika u fizioterapiji\u00a0 u periodu [&hellip;]<\/p>\n","protected":false},"author":3,"featured_media":8338,"comment_status":"open","ping_status":"open","sticky":false,"template":"","format":"standard","meta":{"footnotes":""},"categories":[69,65,28],"tags":[],"class_list":["post-8337","post","type-post","status-publish","format-standard","has-post-thumbnail","hentry","category-koordinator-za-cjelozivotno-obrazovanje","category-istaknuto","category-natjecaji"],"_links":{"self":[{"href":"https:\/\/vsig.hr\/web\/wp-json\/wp\/v2\/posts\/8337","targetHints":{"allow":["GET"]}}],"collection":[{"href":"https:\/\/vsig.hr\/web\/wp-json\/wp\/v2\/posts"}],"about":[{"href":"https:\/\/vsig.hr\/web\/wp-json\/wp\/v2\/types\/post"}],"author":[{"embeddable":true,"href":"https:\/\/vsig.hr\/web\/wp-json\/wp\/v2\/users\/3"}],"replies":[{"embeddable":true,"href":"https:\/\/vsig.hr\/web\/wp-json\/wp\/v2\/comments?post=8337"}],"version-history":[{"count":7,"href":"https:\/\/vsig.hr\/web\/wp-json\/wp\/v2\/posts\/8337\/revisions"}],"predecessor-version":[{"id":8340,"href":"https:\/\/vsig.hr\/web\/wp-json\/wp\/v2\/posts\/8337\/revisions\/8340"}],"wp:featuredmedia":[{"embeddable":true,"href":"https:\/\/vsig.hr\/web\/wp-json\/wp\/v2\/media\/8338"}],"wp:attachment":[{"href":"https:\/\/vsig.hr\/web\/wp-json\/wp\/v2\/media?parent=8337"}],"wp:term":[{"taxonomy":"category","embeddable":true,"href":"https:\/\/vsig.hr\/web\/wp-json\/wp\/v2\/categories?post=8337"},{"taxonomy":"post_tag","embeddable":true,"href":"https:\/\/vsig.hr\/web\/wp-json\/wp\/v2\/tags?post=8337"}],"curies":[{"name":"wp","href":"https:\/\/api.w.org\/{rel}","templated":true}]}}