{"id":89,"date":"2018-11-08T10:43:55","date_gmt":"2018-11-08T10:43:55","guid":{"rendered":"https:\/\/vsig.hr\/web\/2018\/11\/08\/upisi-u-visu-godinu\/"},"modified":"2025-08-25T11:26:59","modified_gmt":"2025-08-25T11:26:59","slug":"upisi-u-visu-godinu","status":"publish","type":"post","link":"https:\/\/vsig.hr\/web\/upisi-u-visu-godinu\/","title":{"rendered":"Upisi u vi\u0161u godinu"},"content":{"rendered":"<p><a href=\"https:\/\/vsig.hr\/web\/wp-content\/uploads\/2018\/11\/UPUTE-za-upis-u-vise-godine-studija.docx\">UPUTE za upis u vi\u0161e godine studija<\/a><\/p>\n<p>Upisi u vi\u0161u godinu studija vr\u0161e se prema Pravilniku o studiranju. Pravilnik mo\u017eete pogledati <span style=\"color: #000080;\"><a style=\"color: #000080;\" href=\"https:\/\/vsig.hr\/web\/wp-content\/uploads\/2018\/11\/Pravilnik-o-studiranju-3.pdf\">ovdje<\/a>.<\/span><\/p>\n<ul>\n<li><span style=\"color: #000080;\"><a style=\"color: #000080;\" href=\"https:\/\/vsig.hr\/web\/wp-content\/uploads\/2018\/11\/Odluka-o-administrativnim-troskovima.pdf\">Odluka o naknadama tro\u0161kova i ostalih postupaka na Veleu\u010dili\u0161tu<\/a><\/span><\/li>\n<li><span style=\"color: #000080;\"><a style=\"color: #000080;\" href=\"https:\/\/vsig.hr\/web\/wp-content\/uploads\/2021\/02\/Odluka-o-visini-nacinu-i-uvjetima-placanja-skolarina-na-Veleucilistu-v_5.pdf\">Odluka o visini, na\u010dinu i uvjetima pla\u0107anja \u0161kolarina na Veleu\u010dili\u0161tu-v_5<\/a><\/span><\/li>\n<li><span style=\"color: #000080;\"><a style=\"color: #000080;\" href=\"https:\/\/vsig.hr\/web\/wp-content\/uploads\/2021\/02\/Odluka-o-visini-nacinu-i-uvjetima-placanja-skolarine-za-radnike-suradnih-ustanova-v_2.pdf\">Odluka o visini, na\u010dinu i uvjetima pla\u0107anja \u0161kolarine za radnike suradnih ustanova-v_2<\/a><\/span><\/li>\n<li><a href=\"https:\/\/vsig.hr\/web\/wp-content\/uploads\/2018\/11\/Ad.5.-Odluka-o-suradnim-ustanovama-na-koje-se-odnosi-smanjenje-skolarine.pdf\">Odluka o suradnim ustanovama na koje se odnosi smanjenje \u0161kolarine<\/a><\/li>\n<li><span style=\"color: #000080;\"><a style=\"color: #000080;\" href=\"https:\/\/vsig.hr\/web\/wp-content\/uploads\/2018\/11\/BROSURA-ZA-SADASNJE-I-BUDUCE-STUDENTE-S-INVALIDITETOM-konacno.pdf\">Za sada\u0161nje i budu\u0107e studente: \u0160to je va\u017eno znati o pravima i oblicima potpore (izradila Koordinacija pravobraniteljice za osobe s invaliditetom za podr\u0161ke u visokom obrazovanju)<\/a><\/span><\/li>\n<\/ul>\n","protected":false},"excerpt":{"rendered":"<p>UPUTE za upis u vi\u0161e godine studija Upisi u vi\u0161u godinu studija vr\u0161e se prema Pravilniku o studiranju. Pravilnik mo\u017eete pogledati ovdje. Odluka o naknadama tro\u0161kova i ostalih postupaka na Veleu\u010dili\u0161tu Odluka o visini, na\u010dinu i uvjetima pla\u0107anja \u0161kolarina na Veleu\u010dili\u0161tu-v_5 Odluka o visini, na\u010dinu i uvjetima pla\u0107anja \u0161kolarine za radnike suradnih ustanova-v_2 Odluka o [&hellip;]<\/p>\n","protected":false},"author":1,"featured_media":0,"comment_status":"open","ping_status":"open","sticky":false,"template":"","format":"standard","meta":{"footnotes":""},"categories":[9],"tags":[],"class_list":["post-89","post","type-post","status-publish","format-standard","hentry","category-izbornik"],"_links":{"self":[{"href":"https:\/\/vsig.hr\/web\/wp-json\/wp\/v2\/posts\/89","targetHints":{"allow":["GET"]}}],"collection":[{"href":"https:\/\/vsig.hr\/web\/wp-json\/wp\/v2\/posts"}],"about":[{"href":"https:\/\/vsig.hr\/web\/wp-json\/wp\/v2\/types\/post"}],"author":[{"embeddable":true,"href":"https:\/\/vsig.hr\/web\/wp-json\/wp\/v2\/users\/1"}],"replies":[{"embeddable":true,"href":"https:\/\/vsig.hr\/web\/wp-json\/wp\/v2\/comments?post=89"}],"version-history":[{"count":34,"href":"https:\/\/vsig.hr\/web\/wp-json\/wp\/v2\/posts\/89\/revisions"}],"predecessor-version":[{"id":7896,"href":"https:\/\/vsig.hr\/web\/wp-json\/wp\/v2\/posts\/89\/revisions\/7896"}],"wp:attachment":[{"href":"https:\/\/vsig.hr\/web\/wp-json\/wp\/v2\/media?parent=89"}],"wp:term":[{"taxonomy":"category","embeddable":true,"href":"https:\/\/vsig.hr\/web\/wp-json\/wp\/v2\/categories?post=89"},{"taxonomy":"post_tag","embeddable":true,"href":"https:\/\/vsig.hr\/web\/wp-json\/wp\/v2\/tags?post=89"}],"curies":[{"name":"wp","href":"https:\/\/api.w.org\/{rel}","templated":true}]}}