{"id":9222,"date":"2026-04-28T12:31:19","date_gmt":"2026-04-28T12:31:19","guid":{"rendered":"https:\/\/vsig.hr\/web\/?p=9222"},"modified":"2026-04-28T12:32:24","modified_gmt":"2026-04-28T12:32:24","slug":"zahvala-dr-sc-mirjani-berkovic-subic-mag-physioth-v-pred","status":"publish","type":"post","link":"https:\/\/vsig.hr\/web\/zahvala-dr-sc-mirjani-berkovic-subic-mag-physioth-v-pred\/","title":{"rendered":"Zahvala dr. sc. Mirjani Berkovi\u0107 \u0160ubi\u0107, mag. physioth., v. pred."},"content":{"rendered":"<p><strong>Zahvala i \u010destitka povodom ro\u0111endana!<\/strong><\/p>\n<p>S osobitim zadovoljstvom upu\u0107ujemo iskrene \u010destitke na\u0161oj uva\u017eenoj kolegici dr. sc. Mirjani Berkovi\u0107 \u0160ubi\u0107, mag. physioth., v. pred., povodom njezinog ro\u0111endana.<\/p>\n<p>Zahvaljujemo kolegici na \u010da\u0161\u0107enju i ugodnom dru\u017eenju kojim je uljep\u0161ala radni dan te dodatno osna\u017eila duh zajedni\u0161tva i kolegijalnosti na na\u0161em Veleu\u010dili\u0161tu. Ovakvi trenuci podsje\u0107aju na va\u017enost me\u0111usobnog uva\u017eavanja i pozitivne akademske zajednice koju zajedno gradimo.<\/p>\n<p>S osobitim ponosom isti\u010demo kako je, na prijedlog Veleu\u010dili\u0161ta Ivani\u0107-Grad, Vije\u0107e Veleu\u010dili\u0161ta izglasalo da se dr. sc. Mirjani Berkovi\u0107 \u0160ubi\u0107 dodijeli Priznanje Zbora veleu\u010dili\u0161ta za poseban doprinos u radu stru\u010dne i nastavne djelatnosti tijekom cjelokupnog radnog odnosa u okviru stru\u010dnih studija, kao i za izniman doprinos unapre\u0111enju nastavnog, stru\u010dnog i znanstvenog rada u podru\u010dju biomedicine i zdravstva.<\/p>\n<p>Ujedno, kolegica Berkovi\u0107 \u0160ubi\u0107 s 1. sije\u010dnja 2027. godine odlazi u zaslu\u017eenu mirovinu. Ovom prilikom izra\u017eavamo duboku zahvalnost za njezin dugogodi\u0161nji predani rad, stru\u010dnost i neprocjenjiv doprinos razvoju na\u0161eg Veleu\u010dili\u0161ta. Iskreno se nadamo da \u0107e i u narednom razdoblju ostati povezana s na\u0161om akademskom zajednicom te nam i dalje rado biti na raspolaganju.<\/p>\n<p>Po\u0161tovanoj kolegici Mirjani \u017eelimo mnogo zdravlja, osobnog zadovoljstva i ispunjenja u novom \u017eivotnom poglavlju.<\/p>\n<p><img fetchpriority=\"high\" decoding=\"async\" class=\"alignnone size-medium wp-image-9223\" src=\"https:\/\/vsig.hr\/web\/wp-content\/uploads\/2026\/04\/Berkovic-225x300.jpg\" alt=\"\" width=\"225\" height=\"300\" srcset=\"https:\/\/vsig.hr\/web\/wp-content\/uploads\/2026\/04\/Berkovic-225x300.jpg 225w, https:\/\/vsig.hr\/web\/wp-content\/uploads\/2026\/04\/Berkovic-768x1024.jpg 768w, https:\/\/vsig.hr\/web\/wp-content\/uploads\/2026\/04\/Berkovic-1152x1536.jpg 1152w, https:\/\/vsig.hr\/web\/wp-content\/uploads\/2026\/04\/Berkovic-1536x2048.jpg 1536w, https:\/\/vsig.hr\/web\/wp-content\/uploads\/2026\/04\/Berkovic-scaled.jpg 1920w\" sizes=\"(max-width: 225px) 100vw, 225px\" \/><\/p>\n","protected":false},"excerpt":{"rendered":"<p>Zahvala i \u010destitka povodom ro\u0111endana! S osobitim zadovoljstvom upu\u0107ujemo iskrene \u010destitke na\u0161oj uva\u017eenoj kolegici dr. sc. Mirjani Berkovi\u0107 \u0160ubi\u0107, mag. physioth., v. pred., povodom njezinog ro\u0111endana. Zahvaljujemo kolegici na \u010da\u0161\u0107enju i ugodnom dru\u017eenju kojim je uljep\u0161ala radni dan te dodatno osna\u017eila duh zajedni\u0161tva i kolegijalnosti na na\u0161em Veleu\u010dili\u0161tu. Ovakvi trenuci podsje\u0107aju na va\u017enost me\u0111usobnog uva\u017eavanja [&hellip;]<\/p>\n","protected":false},"author":11,"featured_media":9223,"comment_status":"open","ping_status":"open","sticky":false,"template":"","format":"standard","meta":{"footnotes":""},"categories":[26,1],"tags":[],"class_list":["post-9222","post","type-post","status-publish","format-standard","has-post-thumbnail","hentry","category-novosti","category-uncategorized"],"_links":{"self":[{"href":"https:\/\/vsig.hr\/web\/wp-json\/wp\/v2\/posts\/9222","targetHints":{"allow":["GET"]}}],"collection":[{"href":"https:\/\/vsig.hr\/web\/wp-json\/wp\/v2\/posts"}],"about":[{"href":"https:\/\/vsig.hr\/web\/wp-json\/wp\/v2\/types\/post"}],"author":[{"embeddable":true,"href":"https:\/\/vsig.hr\/web\/wp-json\/wp\/v2\/users\/11"}],"replies":[{"embeddable":true,"href":"https:\/\/vsig.hr\/web\/wp-json\/wp\/v2\/comments?post=9222"}],"version-history":[{"count":3,"href":"https:\/\/vsig.hr\/web\/wp-json\/wp\/v2\/posts\/9222\/revisions"}],"predecessor-version":[{"id":9226,"href":"https:\/\/vsig.hr\/web\/wp-json\/wp\/v2\/posts\/9222\/revisions\/9226"}],"wp:featuredmedia":[{"embeddable":true,"href":"https:\/\/vsig.hr\/web\/wp-json\/wp\/v2\/media\/9223"}],"wp:attachment":[{"href":"https:\/\/vsig.hr\/web\/wp-json\/wp\/v2\/media?parent=9222"}],"wp:term":[{"taxonomy":"category","embeddable":true,"href":"https:\/\/vsig.hr\/web\/wp-json\/wp\/v2\/categories?post=9222"},{"taxonomy":"post_tag","embeddable":true,"href":"https:\/\/vsig.hr\/web\/wp-json\/wp\/v2\/tags?post=9222"}],"curies":[{"name":"wp","href":"https:\/\/api.w.org\/{rel}","templated":true}]}}